{"id":20541,"date":"2021-08-05T14:22:00","date_gmt":"2021-08-05T17:22:00","guid":{"rendered":"https:\/\/www.ifbaiano.edu.br\/unidades\/lapa\/?p=20541"},"modified":"2021-08-18T15:42:38","modified_gmt":"2021-08-18T18:42:38","slug":"selecao-de-bolsistas-agroifnordeste","status":"publish","type":"post","link":"https:\/\/www.ifbaiano.edu.br\/unidades\/lapa\/2021\/08\/05\/selecao-de-bolsistas-agroifnordeste\/","title":{"rendered":"Sele\u00e7\u00e3o de Bolsistas AgroIFNordeste"},"content":{"rendered":"\n<p align=\"justify\">O Instituto Federal Baiano \u2013 Campus Bom Jesus da Lapa, torna p\u00fablico o edital N\u00ba4\/2021 para sele\u00e7\u00e3o de Residentes Bolsistas. A proposta est\u00e1 inserida no Projeto AgroIFNordeste \u2013 vinculado ao Plano AgroNordeste do Minist\u00e9rio da Agricultura Pecu\u00e1ria e Abastecimento (MAPA), e visa selecionar at\u00e9 5 (cinco) estudantes rec\u00e9m egressos de cursos de ci\u00eancias agr\u00e1rias e afins, de N\u00cdVEL M\u00c9DIO e SUPERIOR. Os estudantes contemplados ter\u00e3o a oportunidade de acompanhar propriedades agr\u00edcolas, sendo orientados e supervisionados por uma equipe t\u00e9cnica multidisciplinar vinculada ao IF Baiano Campus Bom Jesus da Lapa. Os bolsistas dever\u00e3o dedicar-se ao projeto, cumprindo 40 horas semanais, e receber\u00e3o uma remunera\u00e7\u00e3o mensal de R$ 900,00 (novecentos reais) a ser repassada durante os 12 (doze) meses de execu\u00e7\u00e3o do projeto.<\/p>\n\n\n\n<p><p align=\"justify\">Os profissionais respons\u00e1veis pela execu\u00e7\u00e3o do projeto far\u00e3o uma live na Rede Educom no dia 05\/08\/21 \u00e1s 19:30.<\/p><\/p>\n\n\n\n<div class=\"wp-block-file\"><a href=\"https:\/\/www.ifbaiano.edu.br\/unidades\/lapa\/files\/2021\/08\/edital-04-2021.pdf\" target=\"_blank\" rel=\"noreferrer noopener\">Edital 04\/2021 (documento pdf, abre em nova aba)<\/a><\/div>\n\n\n\n<p><a href=\"https:\/\/www.ifbaiano.edu.br\/unidades\/lapa\/edital-04-2021\/\" target=\"_blank\" rel=\"noreferrer noopener\">P\u00e1gina da Sele\u00e7\u00e3o &#8211; https:\/\/www.ifbaiano.edu.br\/unidades\/lapa\/edital-04-2021\/<\/a><\/p>\n\n\n\n<figure class=\"wp-block-image size-large\"><img decoding=\"async\" loading=\"lazy\" width=\"933\" height=\"647\" src=\"https:\/\/www.ifbaiano.edu.br\/unidades\/lapa\/files\/2021\/08\/agroifnordeste.jpeg\" alt=\"\" class=\"wp-image-20542\" \/><\/figure>\n","protected":false},"excerpt":{"rendered":"<p>O Instituto Federal Baiano \u2013 Campus Bom Jesus da Lapa, torna p\u00fablico o edital N\u00ba4\/2021 para sele\u00e7\u00e3o de Residentes Bolsistas. A proposta est\u00e1 inserida no Projeto AgroIFNordeste \u2013 vinculado ao Plano AgroNordeste do Minist\u00e9rio da Agricultura Pecu\u00e1ria e Abastecimento (MAPA), e visa selecionar at\u00e9 5 (cinco) estudantes rec\u00e9m egressos de cursos de ci\u00eancias agr\u00e1rias e [&hellip;]<\/p>\n","protected":false},"author":100,"featured_media":20542,"comment_status":"open","ping_status":"open","sticky":false,"template":"","format":"standard","meta":[],"categories":[64,24,65],"tags":[],"_links":{"self":[{"href":"https:\/\/www.ifbaiano.edu.br\/unidades\/lapa\/wp-json\/wp\/v2\/posts\/20541"}],"collection":[{"href":"https:\/\/www.ifbaiano.edu.br\/unidades\/lapa\/wp-json\/wp\/v2\/posts"}],"about":[{"href":"https:\/\/www.ifbaiano.edu.br\/unidades\/lapa\/wp-json\/wp\/v2\/types\/post"}],"author":[{"embeddable":true,"href":"https:\/\/www.ifbaiano.edu.br\/unidades\/lapa\/wp-json\/wp\/v2\/users\/100"}],"replies":[{"embeddable":true,"href":"https:\/\/www.ifbaiano.edu.br\/unidades\/lapa\/wp-json\/wp\/v2\/comments?post=20541"}],"version-history":[{"count":3,"href":"https:\/\/www.ifbaiano.edu.br\/unidades\/lapa\/wp-json\/wp\/v2\/posts\/20541\/revisions"}],"predecessor-version":[{"id":20648,"href":"https:\/\/www.ifbaiano.edu.br\/unidades\/lapa\/wp-json\/wp\/v2\/posts\/20541\/revisions\/20648"}],"wp:featuredmedia":[{"embeddable":true,"href":"https:\/\/www.ifbaiano.edu.br\/unidades\/lapa\/wp-json\/wp\/v2\/media\/20542"}],"wp:attachment":[{"href":"https:\/\/www.ifbaiano.edu.br\/unidades\/lapa\/wp-json\/wp\/v2\/media?parent=20541"}],"wp:term":[{"taxonomy":"category","embeddable":true,"href":"https:\/\/www.ifbaiano.edu.br\/unidades\/lapa\/wp-json\/wp\/v2\/categories?post=20541"},{"taxonomy":"post_tag","embeddable":true,"href":"https:\/\/www.ifbaiano.edu.br\/unidades\/lapa\/wp-json\/wp\/v2\/tags?post=20541"}],"curies":[{"name":"wp","href":"https:\/\/api.w.org\/{rel}","templated":true}]}}