{"id":20561,"date":"2021-08-10T12:02:32","date_gmt":"2021-08-10T15:02:32","guid":{"rendered":"https:\/\/www.ifbaiano.edu.br\/unidades\/lapa\/?p=20561"},"modified":"2021-08-10T12:02:43","modified_gmt":"2021-08-10T15:02:43","slug":"professor-do-campus-de-bom-jesus-da-lapa-publica-cordel-para-uso-instrucional-sobre-a-seguranca-do-trabalho-rural","status":"publish","type":"post","link":"https:\/\/www.ifbaiano.edu.br\/unidades\/lapa\/2021\/08\/10\/professor-do-campus-de-bom-jesus-da-lapa-publica-cordel-para-uso-instrucional-sobre-a-seguranca-do-trabalho-rural\/","title":{"rendered":"Professor do campus de Bom Jesus da Lapa publica cordel para uso instrucional sobre a seguran\u00e7a do trabalho rural"},"content":{"rendered":"\n<p><\/p>\n\n\n\n<p>A sa\u00fade e seguran\u00e7a do trabalhador rural \u00e9 um importante assunto que deve ser discutido entre os profissionais do setor agr\u00edcola. No Brasil ocorrem muitos acidentes de trabalho que resultam em les\u00f5es, doen\u00e7as ocupacionais e at\u00e9 mesmo no \u00f3bito de trabalhadores do campo. Pensando nisso, o Prof. Alex Leal, do IF Baiano &#8211; de Bom Jesus da Lapa &#8211; elaborou um Cordel com potencial utiliza\u00e7\u00e3o para apoio nas a\u00e7\u00f5es de instru\u00e7\u00e3o de seguran\u00e7a ocupacional nas pr\u00e1ticas agr\u00edcolas.<\/p>\n\n\n\n<p>O Projeto de extens\u00e3o &#8220;<strong>Seguran\u00e7a do Trabalho Rural explicada em Cordel&#8221;<\/strong>, vinculado ao edital de fluxo cont\u00ednuo 06\/2020, foi uma a\u00e7\u00e3o voltada a divulga\u00e7\u00e3o da norma de sa\u00fade e seguran\u00e7a do trabalhador na atividade rural e teve como objetivo proporcionar aos trabalhadores rurais, estudantes dos cursos de ci\u00eancias agr\u00e1rias (t\u00e9cnicos e superiores) e demais interessados no assunto, uma abordagem introdut\u00f3ria ao tema, considerando as especificidades da linguagem cordelizada.<\/p>\n\n\n\n<p>Com o t\u00edtulo \u201cCordel da NR-31: Desembolando no verso a Seguran\u00e7a do Trabalho Rural (na Agricultura, Pecu\u00e1ria, Silvicultura, Explora\u00e7\u00e3o Florestal e Aquicultura)\u201d a produ\u00e7\u00e3o escrita fornece algumas informa\u00e7\u00f5es junto ao leitor, funcionando como um texto contributivo para a reflex\u00e3o inicial sobre a preven\u00e7\u00e3o de acidentes e doen\u00e7as ocupacionais no ambiente de trabalho do campo.<\/p>\n\n\n\n<p>Segundo o Prof. Alex Leal, autor do cordel, a \u201c<em>experi\u00eancia de decodificar as informa\u00e7\u00f5es da NR31 em cordel \u00e9 uma tentativa de abordar o assunto de forma simples com os trabalhadores rurais, especialmente da regi\u00e3o do semi\u00e1rido, que est\u00e3o mais habituados a linguagem cordelizada e percebem no cordel algo pr\u00f3ximo e familiar. Assim, o assunto da preven\u00e7\u00e3o de acidentes rurais ganha um importante aliado, uma vez que normas e textos legais nem sempre tem linguagem totalmente adequada ao p\u00fablico que precisa ser informado\u201d.<\/em><\/p>\n\n\n\n<p>A norma de Sa\u00fade e Seguran\u00e7a do Trabalho na Agricultura, Pecu\u00e1ria, Silvicultura, Explora\u00e7\u00e3o Florestal e Aquicultura (NR-31) \u00e9 de cumprimento obrigat\u00f3rio nas propriedades rurais e unidades agroindustriais. Portanto, deve ser conhecida por todos os envolvidos no setor prim\u00e1rio: agricultores, pecuaristas, aquicultores e pelos profissionais de ci\u00eancias agr\u00e1rias (Eng. Agr\u00f4nomos, Agr\u00edcolas, Florestais, de Pesca, Zootecnistas, Veterin\u00e1rios e T\u00e9cnicos Agr\u00edcolas).<\/p>\n\n\n\n<p>O cordel intitulado \u201cCordel da NR-31: Desembolando no verso a seguran\u00e7a do trabalho rural (na agricultura, pecu\u00e1ria, silvicultura, explora\u00e7\u00e3o florestal e aquicultura)\u201d \u00e9 um material com potencial utiliza\u00e7\u00e3o junto aos diferentes p\u00fablicos interessados no tema e est\u00e1 dispon\u00edvel para\u00a0<strong><a href=\"https:\/\/www.ifbaiano.edu.br\/unidades\/lapa\/files\/2021\/08\/CORDEL-NR-31-Desmbolando_no_verso_a_sst_rural.pdf\" target=\"_blank\" rel=\"noreferrer noopener\">Download<\/a><\/strong>\u00a0gratuito no site do IF Baiano \u2013 Bom Jesus da Lapa.<\/p>\n\n\n\n<p><strong>Fonte do texto:<\/strong>\u00a0Coordenador do Projeto<\/p>\n\n\n\n<figure class=\"wp-block-image size-large\"><a href=\"https:\/\/www.ifbaiano.edu.br\/unidades\/lapa\/files\/2021\/08\/CORDEL-NR-31-Desmbolando_no_verso_a_sst_rural.pdf\" target=\"_blank\" rel=\"noopener\"><img decoding=\"async\" loading=\"lazy\" width=\"1282\" height=\"644\" src=\"https:\/\/www.ifbaiano.edu.br\/unidades\/lapa\/files\/2021\/08\/BANNER-CORDEL-NR-31-SITE-IFBAIANO-BJL.png\" alt=\"\" class=\"wp-image-20562\" \/><\/a><\/figure>\n","protected":false},"excerpt":{"rendered":"<p>A sa\u00fade e seguran\u00e7a do trabalhador rural \u00e9 um importante assunto que deve ser discutido entre os profissionais do setor agr\u00edcola. No Brasil ocorrem muitos acidentes de trabalho que resultam em les\u00f5es, doen\u00e7as ocupacionais e at\u00e9 mesmo no \u00f3bito de trabalhadores do campo. Pensando nisso, o Prof. Alex Leal, do IF Baiano &#8211; de Bom [&hellip;]<\/p>\n","protected":false},"author":58,"featured_media":0,"comment_status":"open","ping_status":"open","sticky":false,"template":"","format":"standard","meta":[],"categories":[64,40,65],"tags":[],"_links":{"self":[{"href":"https:\/\/www.ifbaiano.edu.br\/unidades\/lapa\/wp-json\/wp\/v2\/posts\/20561"}],"collection":[{"href":"https:\/\/www.ifbaiano.edu.br\/unidades\/lapa\/wp-json\/wp\/v2\/posts"}],"about":[{"href":"https:\/\/www.ifbaiano.edu.br\/unidades\/lapa\/wp-json\/wp\/v2\/types\/post"}],"author":[{"embeddable":true,"href":"https:\/\/www.ifbaiano.edu.br\/unidades\/lapa\/wp-json\/wp\/v2\/users\/58"}],"replies":[{"embeddable":true,"href":"https:\/\/www.ifbaiano.edu.br\/unidades\/lapa\/wp-json\/wp\/v2\/comments?post=20561"}],"version-history":[{"count":1,"href":"https:\/\/www.ifbaiano.edu.br\/unidades\/lapa\/wp-json\/wp\/v2\/posts\/20561\/revisions"}],"predecessor-version":[{"id":20564,"href":"https:\/\/www.ifbaiano.edu.br\/unidades\/lapa\/wp-json\/wp\/v2\/posts\/20561\/revisions\/20564"}],"wp:attachment":[{"href":"https:\/\/www.ifbaiano.edu.br\/unidades\/lapa\/wp-json\/wp\/v2\/media?parent=20561"}],"wp:term":[{"taxonomy":"category","embeddable":true,"href":"https:\/\/www.ifbaiano.edu.br\/unidades\/lapa\/wp-json\/wp\/v2\/categories?post=20561"},{"taxonomy":"post_tag","embeddable":true,"href":"https:\/\/www.ifbaiano.edu.br\/unidades\/lapa\/wp-json\/wp\/v2\/tags?post=20561"}],"curies":[{"name":"wp","href":"https:\/\/api.w.org\/{rel}","templated":true}]}}