{"id":20573,"date":"2021-08-10T21:20:20","date_gmt":"2021-08-11T00:20:20","guid":{"rendered":"https:\/\/www.ifbaiano.edu.br\/unidades\/lapa\/?p=20573"},"modified":"2021-08-13T16:20:29","modified_gmt":"2021-08-13T19:20:29","slug":"chamada-de-matricula-sisu-2021-2-engenharia-agronomica","status":"publish","type":"post","link":"https:\/\/www.ifbaiano.edu.br\/unidades\/lapa\/2021\/08\/10\/chamada-de-matricula-sisu-2021-2-engenharia-agronomica\/","title":{"rendered":"Chamada de Matr\u00edcula &#8211; SiSU 2021.2 &#8211; Engenharia Agron\u00f4mica"},"content":{"rendered":"\n<p>O REITOR DO INSTITUTO FEDERAL DE EDUCA\u00c7\u00c3O, CI\u00caNCIA E TECNOLOGIA BAIANO \u2013 IF BAIANO , nomeado pelo Decreto de 25\/04\/2018, publicado no DOU de 26\/04\/2018, Se\u00e7\u00e3o 2, p\u00e1gina 01, e de acordo com as disposi\u00e7\u00f5es contidas na Lei n\u00ba 11.892, de 29\/12\/2008, e na Lei n\u00ba 8.112, de 11\/12\/1990, considerando o disposto na Portaria Normativa MEC n\u00ba 21, de 5 de novembro de 2012, o Edital N\u00ba 39, de 23 de Junho de 2021 da Secretaria de Educa\u00e7\u00e3o Superior \u2013 SESU, torna p\u00fablica a sele\u00e7\u00e3o de estudantes para provimento de vagas nos cursos de gradua\u00e7\u00e3o ofertadas pelo Instituto Federal de Educa\u00e7\u00e3o Ci\u00eancia e Tecnologia Baiano, para ingresso no 2\u00ba semestre de 2021, que utilizar\u00e1 o Sistema de Sele\u00e7\u00e3o Unificada (SiSU), mediante condi\u00e7\u00f5es estabelecidas neste Edital.<\/p>\n\n\n\n<p>S\u00e3o 40 vagas para o curso de Engenharia Agron\u00f4mica no Campus Bom Jesus da Lapa.<\/p>\n\n\n\n<div class=\"wp-block-file\"><a href=\"https:\/\/www.ifbaiano.edu.br\/unidades\/lapa\/files\/2021\/08\/Resultado.pdf\">Acesse aqui a lista dos convocados para a matr\u00edcula<\/a><a href=\"https:\/\/www.ifbaiano.edu.br\/unidades\/lapa\/files\/2021\/08\/Resultado.pdf\" class=\"wp-block-file__button\" download>Baixar<\/a><\/div>\n\n\n\n<p>Para maiores informa\u00e7\u00f5es acesse https:\/\/concurso.ifbaiano.edu.br\/portal\/sisu2021-2\/<\/p>\n\n\n\n<div class=\"wp-block-image\"><figure class=\"aligncenter size-large is-resized\"><img decoding=\"async\" loading=\"lazy\" src=\"https:\/\/www.ifbaiano.edu.br\/unidades\/lapa\/files\/2021\/08\/WhatsApp-Image-2021-08-10-at-20.59.40.jpeg\" alt=\"\" class=\"wp-image-20572\" width=\"409\" height=\"412\" \/><\/figure><\/div>\n\n\n\n<p><\/p>\n","protected":false},"excerpt":{"rendered":"<p>O REITOR DO INSTITUTO FEDERAL DE EDUCA\u00c7\u00c3O, CI\u00caNCIA E TECNOLOGIA BAIANO \u2013 IF BAIANO , nomeado pelo Decreto de 25\/04\/2018, publicado no DOU de 26\/04\/2018, Se\u00e7\u00e3o 2, p\u00e1gina 01, e de acordo com as disposi\u00e7\u00f5es contidas na Lei n\u00ba 11.892, de 29\/12\/2008, e na Lei n\u00ba 8.112, de 11\/12\/1990, considerando o disposto na Portaria Normativa [&hellip;]<\/p>\n","protected":false},"author":58,"featured_media":20572,"comment_status":"open","ping_status":"open","sticky":false,"template":"","format":"standard","meta":[],"categories":[64,30,24,38,65],"tags":[],"_links":{"self":[{"href":"https:\/\/www.ifbaiano.edu.br\/unidades\/lapa\/wp-json\/wp\/v2\/posts\/20573"}],"collection":[{"href":"https:\/\/www.ifbaiano.edu.br\/unidades\/lapa\/wp-json\/wp\/v2\/posts"}],"about":[{"href":"https:\/\/www.ifbaiano.edu.br\/unidades\/lapa\/wp-json\/wp\/v2\/types\/post"}],"author":[{"embeddable":true,"href":"https:\/\/www.ifbaiano.edu.br\/unidades\/lapa\/wp-json\/wp\/v2\/users\/58"}],"replies":[{"embeddable":true,"href":"https:\/\/www.ifbaiano.edu.br\/unidades\/lapa\/wp-json\/wp\/v2\/comments?post=20573"}],"version-history":[{"count":2,"href":"https:\/\/www.ifbaiano.edu.br\/unidades\/lapa\/wp-json\/wp\/v2\/posts\/20573\/revisions"}],"predecessor-version":[{"id":20623,"href":"https:\/\/www.ifbaiano.edu.br\/unidades\/lapa\/wp-json\/wp\/v2\/posts\/20573\/revisions\/20623"}],"wp:featuredmedia":[{"embeddable":true,"href":"https:\/\/www.ifbaiano.edu.br\/unidades\/lapa\/wp-json\/wp\/v2\/media\/20572"}],"wp:attachment":[{"href":"https:\/\/www.ifbaiano.edu.br\/unidades\/lapa\/wp-json\/wp\/v2\/media?parent=20573"}],"wp:term":[{"taxonomy":"category","embeddable":true,"href":"https:\/\/www.ifbaiano.edu.br\/unidades\/lapa\/wp-json\/wp\/v2\/categories?post=20573"},{"taxonomy":"post_tag","embeddable":true,"href":"https:\/\/www.ifbaiano.edu.br\/unidades\/lapa\/wp-json\/wp\/v2\/tags?post=20573"}],"curies":[{"name":"wp","href":"https:\/\/api.w.org\/{rel}","templated":true}]}}