{"id":20590,"date":"2021-08-13T12:22:42","date_gmt":"2021-08-13T15:22:42","guid":{"rendered":"https:\/\/www.ifbaiano.edu.br\/unidades\/lapa\/?p=20590"},"modified":"2021-08-13T12:22:52","modified_gmt":"2021-08-13T15:22:52","slug":"projeto-libras-para-criancas","status":"publish","type":"post","link":"https:\/\/www.ifbaiano.edu.br\/unidades\/lapa\/2021\/08\/13\/projeto-libras-para-criancas\/","title":{"rendered":"Projeto LIBRAS para crian\u00e7as"},"content":{"rendered":"\n<p>O projeto Libras para crian\u00e7as \u00e9 uma iniciativa de servidores e estudante surdo do IF Baiano Campus Uru\u00e7uca tendo o apoio e participa\u00e7\u00e3o de servidores dos Campi de Bom Jesus da Lapa, Santa In\u00eas e Valen\u00e7a, al\u00e9m da colabora\u00e7\u00e3o de servidores de outras institui\u00e7\u00f5es. O objetivo principal do projeto \u00e9 difundir a Libras (L\u00edngua Brasileira de Sinais) para crian\u00e7as ouvintes, a fim de familiariza-las com a\u00a0segunda\u00a0l\u00edngua oficial de nosso pa\u00eds<\/p>\n\n\n\n<p>O projeto ir\u00e1 oferecer oficinas gratuitas de ensino de Libras como\u00a0segunda\u00a0l\u00edngua para turmas de crian\u00e7as ouvintes da Educa\u00e7\u00e3o Infantil e Fundamental de todo o Brasil.<br>Para participar, escolas de Ensino Infantil e Fundamental, devem inscrever as turmas interessadas, informando nome e localiza\u00e7\u00e3o da escola, quantidade de alunos que ir\u00e1 atender \u00e0s oficinas e nome do respons\u00e1vel pela inscri\u00e7\u00e3o.<br>\u00a0\u201cSer\u00e3o atendidas, a princ\u00edpio, 25 turmas, por ordem de inscri\u00e7\u00e3o. Cada escola pode inscrever uma \u00fanica turma e deixar duas no cadastro de reserva. Caso haja disponibilidade, ela ser\u00e1 atendida\u201d, explica a coordenadora do projeto, Sara Oliveira.\u00a0<br>Para assistir as aulas, os alunos precisam\u00a0ter\u00a0conex\u00e3o \u00e0 internet e acesso \u00e0 plataforma Google Meet.<\/p>\n\n\n\n<p><a href=\"https:\/\/www.ifbaiano.edu.br\/unidades\/urucuca\/InscLibrasCrian\u00e7as\" target=\"_blank\" rel=\"noreferrer noopener\">Inscri\u00e7\u00f5es acesse em: https:\/\/www.ifbaiano.edu.br\/unidades\/urucuca\/InscLibrasCrian\u00e7as<\/a><\/p>\n\n\n\n<div class=\"wp-block-image\"><figure class=\"aligncenter size-large\"><img decoding=\"async\" loading=\"lazy\" width=\"1080\" height=\"1080\" src=\"https:\/\/www.ifbaiano.edu.br\/unidades\/lapa\/files\/2021\/08\/photo_2021-08-13_10-39-11.jpg\" alt=\"\" class=\"wp-image-20591\" \/><\/figure><\/div>\n","protected":false},"excerpt":{"rendered":"<p>O projeto Libras para crian\u00e7as \u00e9 uma iniciativa de servidores e estudante surdo do IF Baiano Campus Uru\u00e7uca tendo o apoio e participa\u00e7\u00e3o de servidores dos Campi de Bom Jesus da Lapa, Santa In\u00eas e Valen\u00e7a, al\u00e9m da colabora\u00e7\u00e3o de servidores de outras institui\u00e7\u00f5es. O objetivo principal do projeto \u00e9 difundir a Libras (L\u00edngua Brasileira [&hellip;]<\/p>\n","protected":false},"author":58,"featured_media":20591,"comment_status":"open","ping_status":"open","sticky":false,"template":"","format":"standard","meta":[],"categories":[64,30,24],"tags":[],"_links":{"self":[{"href":"https:\/\/www.ifbaiano.edu.br\/unidades\/lapa\/wp-json\/wp\/v2\/posts\/20590"}],"collection":[{"href":"https:\/\/www.ifbaiano.edu.br\/unidades\/lapa\/wp-json\/wp\/v2\/posts"}],"about":[{"href":"https:\/\/www.ifbaiano.edu.br\/unidades\/lapa\/wp-json\/wp\/v2\/types\/post"}],"author":[{"embeddable":true,"href":"https:\/\/www.ifbaiano.edu.br\/unidades\/lapa\/wp-json\/wp\/v2\/users\/58"}],"replies":[{"embeddable":true,"href":"https:\/\/www.ifbaiano.edu.br\/unidades\/lapa\/wp-json\/wp\/v2\/comments?post=20590"}],"version-history":[{"count":1,"href":"https:\/\/www.ifbaiano.edu.br\/unidades\/lapa\/wp-json\/wp\/v2\/posts\/20590\/revisions"}],"predecessor-version":[{"id":20592,"href":"https:\/\/www.ifbaiano.edu.br\/unidades\/lapa\/wp-json\/wp\/v2\/posts\/20590\/revisions\/20592"}],"wp:featuredmedia":[{"embeddable":true,"href":"https:\/\/www.ifbaiano.edu.br\/unidades\/lapa\/wp-json\/wp\/v2\/media\/20591"}],"wp:attachment":[{"href":"https:\/\/www.ifbaiano.edu.br\/unidades\/lapa\/wp-json\/wp\/v2\/media?parent=20590"}],"wp:term":[{"taxonomy":"category","embeddable":true,"href":"https:\/\/www.ifbaiano.edu.br\/unidades\/lapa\/wp-json\/wp\/v2\/categories?post=20590"},{"taxonomy":"post_tag","embeddable":true,"href":"https:\/\/www.ifbaiano.edu.br\/unidades\/lapa\/wp-json\/wp\/v2\/tags?post=20590"}],"curies":[{"name":"wp","href":"https:\/\/api.w.org\/{rel}","templated":true}]}}