{"id":20614,"date":"2021-08-13T15:41:40","date_gmt":"2021-08-13T18:41:40","guid":{"rendered":"https:\/\/www.ifbaiano.edu.br\/unidades\/lapa\/?p=20614"},"modified":"2021-11-24T10:31:32","modified_gmt":"2021-11-24T13:31:32","slug":"inicio-do-ano-letivo-2021","status":"publish","type":"post","link":"https:\/\/www.ifbaiano.edu.br\/unidades\/lapa\/2021\/08\/13\/inicio-do-ano-letivo-2021\/","title":{"rendered":"In\u00edcio do ano letivo 2021 &#8211; Cursos T\u00e9cnicos &#8211; Integrado, Subsequente"},"content":{"rendered":"\n<p><\/p>\n\n\n\n<p>A Dire\u00e7\u00e3o-Acad\u00eamica do IF Baiano Campus Bom Jesus da Lapa torna p\u00fablica a programa\u00e7\u00e3o da semana de integra\u00e7\u00e3o, voltada para acolher os alunos ingressantes do ano letivo 2021. <\/p>\n\n\n\n<p>As transmiss\u00f5es ser\u00e3o realizadas atrav\u00e9s do Youtube do Campus, nos links disponibilizados abaixo. <\/p>\n\n\n\n<p>Durante a semana de acolhimento os estudantes ter\u00e3o oportunidade de conhecer um pouco mais sobre os cursos ofertados, infraestrutura da escola, os programas de assist\u00eancia estudantil, ambiente virtual de aprendizagem e as outras a\u00e7\u00f5es vinculadas as atividades acad\u00eamicas e administrativas institucionais.<\/p>\n\n\n\n<hr class=\"wp-block-separator\" \/>\n\n\n\n<p class=\"has-text-align-center\"><strong>Programa\u00e7\u00e3o \u2013 Semana de Acolhimento 2021<\/strong><\/p>\n\n\n\n<figure class=\"wp-block-image size-large\"><img decoding=\"async\" loading=\"lazy\" width=\"1080\" height=\"1080\" src=\"https:\/\/www.ifbaiano.edu.br\/unidades\/lapa\/files\/2021\/08\/WhatsApp-Image-2021-08-16-at-09.32.45-1.jpeg\" alt=\"\" class=\"wp-image-20629\" \/><\/figure>\n\n\n\n<hr class=\"wp-block-separator\" \/>\n\n\n\n<p class=\"has-text-align-center\"><br><strong>LINK PARA ACESSAR A ATIVIDADE DO DIA 16\/08\/2021: https:\/\/youtu.be\/DnvPYtBULp4<\/strong><\/p>\n\n\n\n<figure class=\"wp-block-embed is-type-video is-provider-youtube wp-block-embed-youtube wp-embed-aspect-16-9 wp-has-aspect-ratio\"><div class=\"wp-block-embed__wrapper\">\n<iframe loading=\"lazy\" title=\"SEMANA DE ACOLHIMENTO TURMAS INGRESSANTES 2021 - Organiza\u00e7\u00e3o Did\u00e1tica dos Cursos T\u00e9cnicos\" width=\"500\" height=\"281\" src=\"https:\/\/www.youtube.com\/embed\/DnvPYtBULp4?feature=oembed\" frameborder=\"0\" allow=\"accelerometer; autoplay; clipboard-write; encrypted-media; gyroscope; picture-in-picture\" allowfullscreen><\/iframe>\n<\/div><\/figure>\n\n\n\n<hr class=\"wp-block-separator\" \/>\n\n\n\n<p class=\"has-text-align-center\"><br><strong>LINK PARA ACESSAR A ATIVIDADE DO DIA 17\/08\/2021: https:\/\/youtu.be\/zYTQwsf9mNc<\/strong><\/p>\n\n\n\n<figure class=\"wp-block-embed is-type-video is-provider-youtube wp-block-embed-youtube wp-embed-aspect-16-9 wp-has-aspect-ratio\"><div class=\"wp-block-embed__wrapper\">\n<iframe loading=\"lazy\" title=\"SEMANA DE ACOLHIMENTO TURMAS INGRESSANTES 2021 O Papel da Assist\u00eancia Estudantil no IF Baiano\" width=\"500\" height=\"281\" src=\"https:\/\/www.youtube.com\/embed\/zYTQwsf9mNc?feature=oembed\" frameborder=\"0\" allow=\"accelerometer; autoplay; clipboard-write; encrypted-media; gyroscope; picture-in-picture\" allowfullscreen><\/iframe>\n<\/div><\/figure>\n\n\n\n<hr class=\"wp-block-separator\" \/>\n\n\n\n<p class=\"has-text-align-center\"><br><strong>LINK PARA ACESSAR A ATIVIDADE DO DIA 18\/08\/2021: https:\/\/youtu.be\/SoBRdwFWg_A<\/strong><\/p>\n\n\n\n<figure class=\"wp-block-embed is-type-video is-provider-youtube wp-block-embed-youtube wp-embed-aspect-16-9 wp-has-aspect-ratio\"><div class=\"wp-block-embed__wrapper\">\n<iframe loading=\"lazy\" title=\"SEMANA DE ACOLHIMENTO TURMAS INGRESSANTES 2021  - SUAP Acad\u00eamico\" width=\"500\" height=\"281\" src=\"https:\/\/www.youtube.com\/embed\/SoBRdwFWg_A?feature=oembed\" frameborder=\"0\" allow=\"accelerometer; autoplay; clipboard-write; encrypted-media; gyroscope; picture-in-picture\" allowfullscreen><\/iframe>\n<\/div><\/figure>\n\n\n\n<hr class=\"wp-block-separator\" \/>\n\n\n\n<p class=\"has-text-align-center\"><br><strong>LINK PARA ACESSAR A ATIVIDADE DO DIA 19\/08\/2021: https:\/\/youtu.be\/-g2Sksm3ZfY<\/strong><\/p>\n\n\n\n<figure class=\"wp-block-embed is-type-video is-provider-youtube wp-block-embed-youtube wp-embed-aspect-16-9 wp-has-aspect-ratio\"><div class=\"wp-block-embed__wrapper\">\n<iframe loading=\"lazy\" title=\"SEMANA DE ACOLHIMENTO TURMAS INGRESSANTES 2021  - Ambienta\u00e7\u00e3o Pedag\u00f3gica e AVA Moodle\" width=\"500\" height=\"281\" src=\"https:\/\/www.youtube.com\/embed\/-g2Sksm3ZfY?feature=oembed\" frameborder=\"0\" allow=\"accelerometer; autoplay; clipboard-write; encrypted-media; gyroscope; picture-in-picture\" allowfullscreen><\/iframe>\n<\/div><\/figure>\n","protected":false},"excerpt":{"rendered":"<p>A Dire\u00e7\u00e3o-Acad\u00eamica do IF Baiano Campus Bom Jesus da Lapa torna p\u00fablica a programa\u00e7\u00e3o da semana de integra\u00e7\u00e3o, voltada para acolher os alunos ingressantes do ano letivo 2021. As transmiss\u00f5es ser\u00e3o realizadas atrav\u00e9s do Youtube do Campus, nos links disponibilizados abaixo. Durante a semana de acolhimento os estudantes ter\u00e3o oportunidade de conhecer um pouco mais [&hellip;]<\/p>\n","protected":false},"author":58,"featured_media":0,"comment_status":"open","ping_status":"open","sticky":false,"template":"","format":"standard","meta":[],"categories":[64,30,24,65],"tags":[],"_links":{"self":[{"href":"https:\/\/www.ifbaiano.edu.br\/unidades\/lapa\/wp-json\/wp\/v2\/posts\/20614"}],"collection":[{"href":"https:\/\/www.ifbaiano.edu.br\/unidades\/lapa\/wp-json\/wp\/v2\/posts"}],"about":[{"href":"https:\/\/www.ifbaiano.edu.br\/unidades\/lapa\/wp-json\/wp\/v2\/types\/post"}],"author":[{"embeddable":true,"href":"https:\/\/www.ifbaiano.edu.br\/unidades\/lapa\/wp-json\/wp\/v2\/users\/58"}],"replies":[{"embeddable":true,"href":"https:\/\/www.ifbaiano.edu.br\/unidades\/lapa\/wp-json\/wp\/v2\/comments?post=20614"}],"version-history":[{"count":6,"href":"https:\/\/www.ifbaiano.edu.br\/unidades\/lapa\/wp-json\/wp\/v2\/posts\/20614\/revisions"}],"predecessor-version":[{"id":21684,"href":"https:\/\/www.ifbaiano.edu.br\/unidades\/lapa\/wp-json\/wp\/v2\/posts\/20614\/revisions\/21684"}],"wp:attachment":[{"href":"https:\/\/www.ifbaiano.edu.br\/unidades\/lapa\/wp-json\/wp\/v2\/media?parent=20614"}],"wp:term":[{"taxonomy":"category","embeddable":true,"href":"https:\/\/www.ifbaiano.edu.br\/unidades\/lapa\/wp-json\/wp\/v2\/categories?post=20614"},{"taxonomy":"post_tag","embeddable":true,"href":"https:\/\/www.ifbaiano.edu.br\/unidades\/lapa\/wp-json\/wp\/v2\/tags?post=20614"}],"curies":[{"name":"wp","href":"https:\/\/api.w.org\/{rel}","templated":true}]}}