{"id":20619,"date":"2021-08-13T16:10:01","date_gmt":"2021-08-13T19:10:01","guid":{"rendered":"https:\/\/www.ifbaiano.edu.br\/unidades\/lapa\/?p=20619"},"modified":"2021-08-13T16:20:33","modified_gmt":"2021-08-13T19:20:33","slug":"inscricoes-para-o-simposio-interdisciplinar-de-meio-ambiente-do-territorio-velho-chico-comecam-no-proximo-dia-16-de-agosto","status":"publish","type":"post","link":"https:\/\/www.ifbaiano.edu.br\/unidades\/lapa\/2021\/08\/13\/inscricoes-para-o-simposio-interdisciplinar-de-meio-ambiente-do-territorio-velho-chico-comecam-no-proximo-dia-16-de-agosto\/","title":{"rendered":"Inscri\u00e7\u00f5es para o Simp\u00f3sio Interdisciplinar de Meio Ambiente do Territ\u00f3rio Velho Chico come\u00e7am no pr\u00f3ximo dia 16 de agosto"},"content":{"rendered":"\n<p>O Simp\u00f3sio Interdisciplinar de Meio Ambiente do Territ\u00f3rio Velho Chico, \u00e9 uma a\u00e7\u00e3o gratuita, com foco na responsabilidade social, tendo como p\u00fablico-alvo, acad\u00eamicos de gradua\u00e7\u00e3o das institui\u00e7\u00f5es envolvidas na organiza\u00e7\u00e3o e de outras institui\u00e7\u00f5es existentes no territ\u00f3rio e regi\u00e3o de abrang\u00eancia. Para a viabiliza\u00e7\u00e3o deste Simp\u00f3sio, criou-se uma comiss\u00e3o composta por gestores, servidores e acad\u00eamicos do Instituto Federal Baiano &#8211; Campus Bom Jesus da Lapa e da Faculdade de Ci\u00eancias Jur\u00eddicas Pit\u00e1goras de Bom Jesus da Lapa. As atividades a serem desenvolvidas, ocorrer\u00e3o no per\u00edodo de 8 a 10 de setembro de 2021, no formato virtual, com transmiss\u00e3o nas redes sociais das institui\u00e7\u00f5es parceiras. O Simp\u00f3sio interdisciplinar ser\u00e1 realizado com os seguintes temas: O Meio Ambiente como direito fundamental: interfaces entre o agroneg\u00f3cio e o desenvolvimento econ\u00f4mico; sustent\u00e1vel na perspectiva territorial; As experi\u00eancias do munic\u00edpio de Bom Jesus da Lapa-BA na consecu\u00e7\u00e3o da tutela ambiental; Crimes ambientais do Territ\u00f3rio em debate; Implanta\u00e7\u00e3o dos parques solares e o papel do licenciamento ambiental no desenvolvimento local sustent\u00e1vel e Gest\u00e3o dos Recursos H\u00eddricos no contexto da bacia do Rio S\u00e3o Francisco.<\/p>\n\n\n\n<p>Para se inscrever acesse: https:\/\/suap.ifbaiano.edu.br\/eventos\/inscricao_publica\/192\/<\/p>\n\n\n\n<figure class=\"wp-block-image size-large\"><img decoding=\"async\" loading=\"lazy\" width=\"1080\" height=\"1080\" src=\"https:\/\/www.ifbaiano.edu.br\/unidades\/lapa\/files\/2021\/08\/724ea3c4-406b-49b1-b016-a39b8915fd91.png\" alt=\"\" class=\"wp-image-20620\" \/><\/figure>\n","protected":false},"excerpt":{"rendered":"<p>O Simp\u00f3sio Interdisciplinar de Meio Ambiente do Territ\u00f3rio Velho Chico, \u00e9 uma a\u00e7\u00e3o gratuita, com foco na responsabilidade social, tendo como p\u00fablico-alvo, acad\u00eamicos de gradua\u00e7\u00e3o das institui\u00e7\u00f5es envolvidas na organiza\u00e7\u00e3o e de outras institui\u00e7\u00f5es existentes no territ\u00f3rio e regi\u00e3o de abrang\u00eancia. Para a viabiliza\u00e7\u00e3o deste Simp\u00f3sio, criou-se uma comiss\u00e3o composta por gestores, servidores e acad\u00eamicos [&hellip;]<\/p>\n","protected":false},"author":58,"featured_media":20620,"comment_status":"open","ping_status":"open","sticky":false,"template":"","format":"standard","meta":[],"categories":[64,24,65],"tags":[],"_links":{"self":[{"href":"https:\/\/www.ifbaiano.edu.br\/unidades\/lapa\/wp-json\/wp\/v2\/posts\/20619"}],"collection":[{"href":"https:\/\/www.ifbaiano.edu.br\/unidades\/lapa\/wp-json\/wp\/v2\/posts"}],"about":[{"href":"https:\/\/www.ifbaiano.edu.br\/unidades\/lapa\/wp-json\/wp\/v2\/types\/post"}],"author":[{"embeddable":true,"href":"https:\/\/www.ifbaiano.edu.br\/unidades\/lapa\/wp-json\/wp\/v2\/users\/58"}],"replies":[{"embeddable":true,"href":"https:\/\/www.ifbaiano.edu.br\/unidades\/lapa\/wp-json\/wp\/v2\/comments?post=20619"}],"version-history":[{"count":2,"href":"https:\/\/www.ifbaiano.edu.br\/unidades\/lapa\/wp-json\/wp\/v2\/posts\/20619\/revisions"}],"predecessor-version":[{"id":20622,"href":"https:\/\/www.ifbaiano.edu.br\/unidades\/lapa\/wp-json\/wp\/v2\/posts\/20619\/revisions\/20622"}],"wp:featuredmedia":[{"embeddable":true,"href":"https:\/\/www.ifbaiano.edu.br\/unidades\/lapa\/wp-json\/wp\/v2\/media\/20620"}],"wp:attachment":[{"href":"https:\/\/www.ifbaiano.edu.br\/unidades\/lapa\/wp-json\/wp\/v2\/media?parent=20619"}],"wp:term":[{"taxonomy":"category","embeddable":true,"href":"https:\/\/www.ifbaiano.edu.br\/unidades\/lapa\/wp-json\/wp\/v2\/categories?post=20619"},{"taxonomy":"post_tag","embeddable":true,"href":"https:\/\/www.ifbaiano.edu.br\/unidades\/lapa\/wp-json\/wp\/v2\/tags?post=20619"}],"curies":[{"name":"wp","href":"https:\/\/api.w.org\/{rel}","templated":true}]}}