{"id":20633,"date":"2021-08-17T17:14:22","date_gmt":"2021-08-17T20:14:22","guid":{"rendered":"https:\/\/www.ifbaiano.edu.br\/unidades\/lapa\/?p=20633"},"modified":"2021-08-17T17:14:33","modified_gmt":"2021-08-17T20:14:33","slug":"podcast-a-voz-do-napne","status":"publish","type":"post","link":"https:\/\/www.ifbaiano.edu.br\/unidades\/lapa\/2021\/08\/17\/podcast-a-voz-do-napne\/","title":{"rendered":"Podcast &#8211; A voz do NAPNE"},"content":{"rendered":"\n<p>Estamos lan\u00e7ando hoje o primeiro epis\u00f3dio do PodCast A Voz do Napne, que ser\u00e1 divulgado, quinzenalmente, \u00e0s segundas-feiras.<br>Projeto que visa levar informa\u00e7\u00e3o e gerar conhecimento acerca da educa\u00e7\u00e3o, diversidade e inclus\u00e3o. E para o lan\u00e7amento do nosso Podcast quinzenal A VOZ DO NAPNE, escolhemos informar e esclarecer sobre o N\u00facleo que d\u00e1 nome ao nosso programa. O NAPNE \u2013 N\u00facleo de Atendimento \u00e0s pessoas com Necessidades Espec\u00edficas \u00e9 um N\u00facleo de natureza propositiva, consultiva e executiva que fomenta a\u00e7\u00f5es que viabilizam a inclus\u00e3o dos alunos com necessidades espec\u00edficas. Ent\u00e3o, pedimos que acompanhe nossos epis\u00f3dios, compartilhem, divulguem para seus amigos e familiares.<br>Vamos juntos fazer ecoar A VOZ DO NAPNE, pois incluir exige plena participa\u00e7\u00e3o.<\/p>\n\n\n\n<p>links de acesso:<br>Dispon\u00edvel nas plataformas:<br>Anchor: https:\/\/anchor.fm\/wilson-neto5<br>Spotify: https:\/\/open.spotify.com\/show\/6jnkU4YtJjHS5egdb0k0XF<\/p>\n\n\n\n<div class=\"wp-block-image\"><figure class=\"aligncenter size-large is-resized\"><img decoding=\"async\" loading=\"lazy\" src=\"https:\/\/www.ifbaiano.edu.br\/unidades\/lapa\/files\/2021\/08\/A-VOZ-DO-NAPNE.jpg\" alt=\"\" class=\"wp-image-20634\" width=\"649\" height=\"649\" \/><\/figure><\/div>\n\n\n\n<p>Descri\u00e7\u00e3o do Card:<br>DESCRI\u00c7\u00c3O DO PODCAST A VOZ DO NAPNE<br>Cartaz no formato quadricular com plano de fundo amarelo. Na parte superior escrito em roxo PODCAST. Logo abaixo faixa na cor roxa e escrito em letras mai\u00fasculas na cor amarela A VOZ DO NAPNE. No centro duas pessoas, uma negra e a outra branca; a primeira usa camisa laranja, fone de ouvido branco, microfone preto e branco e um notebook roxo; a segunda usa camisa roxa, fone de ouvido branco e microfone preto e branco. Entre elas bal\u00e3o de dialogo no formato retangular na cor branca e dentro s\u00edmbolos de defici\u00eancias f\u00edsica, auditiva, visual e intelectual.<br>No canto inferior esquerdo logomarca do IF Baiano \u2013 Campus Lapa. No direito s\u00edmbolo do N\u00facleo de Atendimento \u00e0s Pessoas com Necessidades Espec\u00edficas(NAPNE)<\/p>\n\n\n\n<p><\/p>\n","protected":false},"excerpt":{"rendered":"<p>Estamos lan\u00e7ando hoje o primeiro epis\u00f3dio do PodCast A Voz do Napne, que ser\u00e1 divulgado, quinzenalmente, \u00e0s segundas-feiras.Projeto que visa levar informa\u00e7\u00e3o e gerar conhecimento acerca da educa\u00e7\u00e3o, diversidade e inclus\u00e3o. E para o lan\u00e7amento do nosso Podcast quinzenal A VOZ DO NAPNE, escolhemos informar e esclarecer sobre o N\u00facleo que d\u00e1 nome ao nosso [&hellip;]<\/p>\n","protected":false},"author":58,"featured_media":20634,"comment_status":"open","ping_status":"open","sticky":false,"template":"","format":"standard","meta":[],"categories":[64,30,24,65],"tags":[],"_links":{"self":[{"href":"https:\/\/www.ifbaiano.edu.br\/unidades\/lapa\/wp-json\/wp\/v2\/posts\/20633"}],"collection":[{"href":"https:\/\/www.ifbaiano.edu.br\/unidades\/lapa\/wp-json\/wp\/v2\/posts"}],"about":[{"href":"https:\/\/www.ifbaiano.edu.br\/unidades\/lapa\/wp-json\/wp\/v2\/types\/post"}],"author":[{"embeddable":true,"href":"https:\/\/www.ifbaiano.edu.br\/unidades\/lapa\/wp-json\/wp\/v2\/users\/58"}],"replies":[{"embeddable":true,"href":"https:\/\/www.ifbaiano.edu.br\/unidades\/lapa\/wp-json\/wp\/v2\/comments?post=20633"}],"version-history":[{"count":1,"href":"https:\/\/www.ifbaiano.edu.br\/unidades\/lapa\/wp-json\/wp\/v2\/posts\/20633\/revisions"}],"predecessor-version":[{"id":20635,"href":"https:\/\/www.ifbaiano.edu.br\/unidades\/lapa\/wp-json\/wp\/v2\/posts\/20633\/revisions\/20635"}],"wp:featuredmedia":[{"embeddable":true,"href":"https:\/\/www.ifbaiano.edu.br\/unidades\/lapa\/wp-json\/wp\/v2\/media\/20634"}],"wp:attachment":[{"href":"https:\/\/www.ifbaiano.edu.br\/unidades\/lapa\/wp-json\/wp\/v2\/media?parent=20633"}],"wp:term":[{"taxonomy":"category","embeddable":true,"href":"https:\/\/www.ifbaiano.edu.br\/unidades\/lapa\/wp-json\/wp\/v2\/categories?post=20633"},{"taxonomy":"post_tag","embeddable":true,"href":"https:\/\/www.ifbaiano.edu.br\/unidades\/lapa\/wp-json\/wp\/v2\/tags?post=20633"}],"curies":[{"name":"wp","href":"https:\/\/api.w.org\/{rel}","templated":true}]}}