{"id":2069,"date":"2014-03-02T00:30:49","date_gmt":"2014-03-02T02:30:49","guid":{"rendered":"http:\/\/www.ifbaiano.edu.br\/unidades\/lapa\/?p=2069"},"modified":"2014-03-02T00:31:21","modified_gmt":"2014-03-02T02:31:21","slug":"mestrado-em-educacao-para-ciencias-e-matematica-do-ifg","status":"publish","type":"post","link":"https:\/\/www.ifbaiano.edu.br\/unidades\/lapa\/2014\/03\/02\/mestrado-em-educacao-para-ciencias-e-matematica-do-ifg\/","title":{"rendered":"Mestrado em Educa\u00e7\u00e3o para Ci\u00eancias e Matem\u00e1tica do IFG"},"content":{"rendered":"<p>Inscri\u00e7\u00f5es se iniciam em 06 de mar\u00e7o.<\/p>\n<p><!--more--><\/p>\n<p>A Pr\u00f3-Reitoria de Pesquisa e P\u00f3s-Gradua\u00e7\u00e3o do Instituto Federal de Goi\u00e1s (IFG) publicou o\u00a0<a href=\"http:\/\/www.ifg.edu.br\/proppg\/images\/editais\/2014\/002\/edital_002-2014-proppg_mestrado_educ_ciencias_matem_jatai.pdf\" target=\"_blank\">edital<\/a>\u00a0de sele\u00e7\u00e3o de candidatos \u00e0s vagas do Mestrado Profissional em Educa\u00e7\u00e3o para Ci\u00eancias e Matem\u00e1ticas ofertado no C\u00e2mpus Jata\u00ed. Est\u00e3o sendo disponibilizadas 20 vagas e os interessados dever\u00e3o fazer a inscri\u00e7\u00e3o, gratuitamente, no per\u00edodo de 6 a 28 de mar\u00e7o.<\/p>\n<p>&nbsp;<\/p>\n<p>Fonte: s\u00edtio do Instituto<\/p>\n","protected":false},"excerpt":{"rendered":"<p>Inscri\u00e7\u00f5es se iniciam em 06 de mar\u00e7o.<\/p>\n","protected":false},"author":41,"featured_media":0,"comment_status":"open","ping_status":"open","sticky":false,"template":"","format":"standard","meta":[],"categories":[38],"tags":[],"_links":{"self":[{"href":"https:\/\/www.ifbaiano.edu.br\/unidades\/lapa\/wp-json\/wp\/v2\/posts\/2069"}],"collection":[{"href":"https:\/\/www.ifbaiano.edu.br\/unidades\/lapa\/wp-json\/wp\/v2\/posts"}],"about":[{"href":"https:\/\/www.ifbaiano.edu.br\/unidades\/lapa\/wp-json\/wp\/v2\/types\/post"}],"author":[{"embeddable":true,"href":"https:\/\/www.ifbaiano.edu.br\/unidades\/lapa\/wp-json\/wp\/v2\/users\/41"}],"replies":[{"embeddable":true,"href":"https:\/\/www.ifbaiano.edu.br\/unidades\/lapa\/wp-json\/wp\/v2\/comments?post=2069"}],"version-history":[{"count":3,"href":"https:\/\/www.ifbaiano.edu.br\/unidades\/lapa\/wp-json\/wp\/v2\/posts\/2069\/revisions"}],"predecessor-version":[{"id":2072,"href":"https:\/\/www.ifbaiano.edu.br\/unidades\/lapa\/wp-json\/wp\/v2\/posts\/2069\/revisions\/2072"}],"wp:attachment":[{"href":"https:\/\/www.ifbaiano.edu.br\/unidades\/lapa\/wp-json\/wp\/v2\/media?parent=2069"}],"wp:term":[{"taxonomy":"category","embeddable":true,"href":"https:\/\/www.ifbaiano.edu.br\/unidades\/lapa\/wp-json\/wp\/v2\/categories?post=2069"},{"taxonomy":"post_tag","embeddable":true,"href":"https:\/\/www.ifbaiano.edu.br\/unidades\/lapa\/wp-json\/wp\/v2\/tags?post=2069"}],"curies":[{"name":"wp","href":"https:\/\/api.w.org\/{rel}","templated":true}]}}