{"id":20700,"date":"2021-08-24T21:43:42","date_gmt":"2021-08-25T00:43:42","guid":{"rendered":"https:\/\/www.ifbaiano.edu.br\/unidades\/lapa\/?p=20700"},"modified":"2021-08-24T21:43:43","modified_gmt":"2021-08-25T00:43:43","slug":"semana-de-acolhimento-estudantes-curso-gti","status":"publish","type":"post","link":"https:\/\/www.ifbaiano.edu.br\/unidades\/lapa\/2021\/08\/24\/semana-de-acolhimento-estudantes-curso-gti\/","title":{"rendered":"Semana de Acolhimento Estudantes Curso  GTI"},"content":{"rendered":"\n<p>O Curso Superior de Tecnologia em Gest\u00e3o da Tecnologia da Informa\u00e7\u00e3o do Instituto Federal Baiano, Campus Bom Jesus da Lapa tem a satisfa\u00e7\u00e3o de compartilhar com todos(as), a nossa Semana de Acolhimento que ocorrer\u00e1 nos dias 01 e 02 de setembro. No primeiro dia Contaremos com duas super palestras sobre o mercado de TI e empreendedorismo. J\u00e1 no segundo dia teremos informa\u00e7\u00f5es acerca dos procedimentos did\u00e1ticos, pedag\u00f3gicos e administrativos no \u00e2mbito do curso.<br><br>Acompanhe Nossa Programa\u00e7\u00e3o abaixo<\/p>\n\n\n\n<hr class=\"wp-block-separator\" \/>\n\n\n\n<figure class=\"wp-block-image size-large\"><img decoding=\"async\" loading=\"lazy\" width=\"1080\" height=\"1080\" src=\"https:\/\/www.ifbaiano.edu.br\/unidades\/lapa\/files\/2021\/08\/card-dia-01-semana-acolhimento-gestao-tec-info-lapa-2021.png\" alt=\"\" class=\"wp-image-20701\" \/><\/figure>\n\n\n\n<hr class=\"wp-block-separator\" \/>\n\n\n\n<figure class=\"wp-block-image size-large\"><img decoding=\"async\" loading=\"lazy\" width=\"1080\" height=\"1080\" src=\"https:\/\/www.ifbaiano.edu.br\/unidades\/lapa\/files\/2021\/08\/card-dia-01-PALESTRAS-semana-acolhimento-gestao-tec-info-lapa-2021.png\" alt=\"\" class=\"wp-image-20702\" \/><\/figure>\n\n\n\n<hr class=\"wp-block-separator\" \/>\n\n\n\n<figure class=\"wp-block-image size-large\"><img decoding=\"async\" loading=\"lazy\" width=\"1080\" height=\"1080\" src=\"https:\/\/www.ifbaiano.edu.br\/unidades\/lapa\/files\/2021\/08\/card-dia-02-semana-acolhimento-gestao-tec-info-lapa-2021.png\" alt=\"\" class=\"wp-image-20703\" \/><\/figure>\n","protected":false},"excerpt":{"rendered":"<p>O Curso Superior de Tecnologia em Gest\u00e3o da Tecnologia da Informa\u00e7\u00e3o do Instituto Federal Baiano, Campus Bom Jesus da Lapa tem a satisfa\u00e7\u00e3o de compartilhar com todos(as), a nossa Semana de Acolhimento que ocorrer\u00e1 nos dias 01 e 02 de setembro. No primeiro dia Contaremos com duas super palestras sobre o mercado de TI e [&hellip;]<\/p>\n","protected":false},"author":58,"featured_media":20701,"comment_status":"open","ping_status":"open","sticky":false,"template":"","format":"standard","meta":[],"categories":[64,112,24],"tags":[],"_links":{"self":[{"href":"https:\/\/www.ifbaiano.edu.br\/unidades\/lapa\/wp-json\/wp\/v2\/posts\/20700"}],"collection":[{"href":"https:\/\/www.ifbaiano.edu.br\/unidades\/lapa\/wp-json\/wp\/v2\/posts"}],"about":[{"href":"https:\/\/www.ifbaiano.edu.br\/unidades\/lapa\/wp-json\/wp\/v2\/types\/post"}],"author":[{"embeddable":true,"href":"https:\/\/www.ifbaiano.edu.br\/unidades\/lapa\/wp-json\/wp\/v2\/users\/58"}],"replies":[{"embeddable":true,"href":"https:\/\/www.ifbaiano.edu.br\/unidades\/lapa\/wp-json\/wp\/v2\/comments?post=20700"}],"version-history":[{"count":2,"href":"https:\/\/www.ifbaiano.edu.br\/unidades\/lapa\/wp-json\/wp\/v2\/posts\/20700\/revisions"}],"predecessor-version":[{"id":20705,"href":"https:\/\/www.ifbaiano.edu.br\/unidades\/lapa\/wp-json\/wp\/v2\/posts\/20700\/revisions\/20705"}],"wp:featuredmedia":[{"embeddable":true,"href":"https:\/\/www.ifbaiano.edu.br\/unidades\/lapa\/wp-json\/wp\/v2\/media\/20701"}],"wp:attachment":[{"href":"https:\/\/www.ifbaiano.edu.br\/unidades\/lapa\/wp-json\/wp\/v2\/media?parent=20700"}],"wp:term":[{"taxonomy":"category","embeddable":true,"href":"https:\/\/www.ifbaiano.edu.br\/unidades\/lapa\/wp-json\/wp\/v2\/categories?post=20700"},{"taxonomy":"post_tag","embeddable":true,"href":"https:\/\/www.ifbaiano.edu.br\/unidades\/lapa\/wp-json\/wp\/v2\/tags?post=20700"}],"curies":[{"name":"wp","href":"https:\/\/api.w.org\/{rel}","templated":true}]}}