{"id":20706,"date":"2021-08-25T21:55:55","date_gmt":"2021-08-26T00:55:55","guid":{"rendered":"https:\/\/www.ifbaiano.edu.br\/unidades\/lapa\/?p=20706"},"modified":"2021-08-25T22:13:53","modified_gmt":"2021-08-26T01:13:53","slug":"prosel_edital_07_2021_vagas_remanescentes","status":"publish","type":"post","link":"https:\/\/www.ifbaiano.edu.br\/unidades\/lapa\/2021\/08\/25\/prosel_edital_07_2021_vagas_remanescentes\/","title":{"rendered":"PROCESSO SELETIVO DE VAGAS REMANESCENTES PARA INGRESSO DE ESTUDANTES NOS CURSOS DA EDUCA\u00c7\u00c3O PROFISSIONAL T\u00c9CNICA DE N\u00cdVEL M\u00c9DIO, NA FORMA INTEGRADA AO ENSINO M\u00c9DIO &#8211; MODALIDADE PRESENCIAL"},"content":{"rendered":"\n<p>O DIRETOR-GERAL DO INSTITUTO FEDERAL DE EDUCA\u00c7\u00c3O, CI\u00caNCIA E TECNOLOGIA BAIANO \u2013 CAMPUS BOM JESUS DA LAPA, no uso de suas atribui\u00e7\u00f5es legais conferidas pela Portaria n\u00ba 1158\/2020 \u2013 RET-GAB\/RET\/IFBAIANO, de 04\/11\/2020, publicada no Boletim de Servi\u00e7o Interno n\u00ba 11, de 30\/11\/2020, p\u00e1gina 298, e de acordo com as disposi\u00e7\u00f5es contidas do Regimento Geral do IF Baiano e na Portaria n\u00ba 2.564\/2018 \u2013 RET-GAB\/IFBAIANO, de 26\/09\/2018, e suas altera\u00e7\u00f5es, torna p\u00fablico o presente edital com as normas para abertura de inscri\u00e7\u00f5es para vagas remanescentes oriundas do processo de ingresso de estudantes em 2021, nos cursos da Educa\u00e7\u00e3o Profissional T\u00e9cnica de N\u00edvel M\u00e9dio, na forma Integrada ao Ensino M\u00e9dio &#8211; na modalidade presencial, para o Campus Bom Jesus da Lapa, por meio de Manifesta\u00e7\u00e3o de Interesse na Vaga, atrav\u00e9s de Edital de fluxo cont\u00ednuo.<\/p>\n\n\n\n<p>A sele\u00e7\u00e3o ser\u00e1 realizada <strong>EXCLUSIVAMENTE<\/strong> de forma eletr\u00f4nica, mediante manifesta\u00e7\u00e3o on-line de interesse na vaga, e ocorrer\u00e1 entre os dias 27\/08\/2021 at\u00e9 as 12:00 hs do dia 30 de agosto de 2021. Para candidatar-se, \u00e9 necess\u00e1rio ler na \u00edntegra o edital e enviar para o endere\u00e7o de e-mail integrado.lapa@alunos.ifbaiano.edu.br as documenta\u00e7\u00f5es exigidas. A publica\u00e7\u00e3o preliminar dos Aptos para Matr\u00edcula e Suplentes est\u00e1 prevista para o dia 30\/08\/2021 e a matr\u00edcula ser\u00e1 no dia 02\/09\/2021. As aulas iniciam no dia 06\/09\/2021.<\/p>\n\n\n\n<p>Ser\u00e3o ofertadas 5 vagas para o curso T\u00e9cnico em Agroecologia e 10 vagas para o curso T\u00e9cnico em Agricultura.<\/p>\n\n\n\n<p>Para acompanhar todas as etapas da sele\u00e7\u00e3o, basta visitar a p\u00e1gina Concursos e Sele\u00e7\u00f5es, no site do IF Baiano ou em nosso link abaixo para acessar a p\u00e1gina da sele\u00e7\u00e3o<\/p>\n\n\n\n<hr class=\"wp-block-separator\" \/>\n\n\n\n<p>P\u00e1gina da Sele\u00e7\u00e3o &#8211;<a href=\"https:\/\/www.ifbaiano.edu.br\/unidades\/lapa\/edital-07-2021_vagas_remanescentes\/\"> https:\/\/www.ifbaiano.edu.br\/unidades\/lapa\/edital-07-2021_vagas_remanescentes\/<\/a><\/p>\n\n\n\n<hr class=\"wp-block-separator\" \/>\n","protected":false},"excerpt":{"rendered":"<p>O DIRETOR-GERAL DO INSTITUTO FEDERAL DE EDUCA\u00c7\u00c3O, CI\u00caNCIA E TECNOLOGIA BAIANO \u2013 CAMPUS BOM JESUS DA LAPA, no uso de suas atribui\u00e7\u00f5es legais conferidas pela Portaria n\u00ba 1158\/2020 \u2013 RET-GAB\/RET\/IFBAIANO, de 04\/11\/2020, publicada no Boletim de Servi\u00e7o Interno n\u00ba 11, de 30\/11\/2020, p\u00e1gina 298, e de acordo com as disposi\u00e7\u00f5es contidas do Regimento Geral do [&hellip;]<\/p>\n","protected":false},"author":58,"featured_media":20712,"comment_status":"open","ping_status":"open","sticky":false,"template":"","format":"standard","meta":[],"categories":[34,64,39,24,1,65],"tags":[],"_links":{"self":[{"href":"https:\/\/www.ifbaiano.edu.br\/unidades\/lapa\/wp-json\/wp\/v2\/posts\/20706"}],"collection":[{"href":"https:\/\/www.ifbaiano.edu.br\/unidades\/lapa\/wp-json\/wp\/v2\/posts"}],"about":[{"href":"https:\/\/www.ifbaiano.edu.br\/unidades\/lapa\/wp-json\/wp\/v2\/types\/post"}],"author":[{"embeddable":true,"href":"https:\/\/www.ifbaiano.edu.br\/unidades\/lapa\/wp-json\/wp\/v2\/users\/58"}],"replies":[{"embeddable":true,"href":"https:\/\/www.ifbaiano.edu.br\/unidades\/lapa\/wp-json\/wp\/v2\/comments?post=20706"}],"version-history":[{"count":4,"href":"https:\/\/www.ifbaiano.edu.br\/unidades\/lapa\/wp-json\/wp\/v2\/posts\/20706\/revisions"}],"predecessor-version":[{"id":20718,"href":"https:\/\/www.ifbaiano.edu.br\/unidades\/lapa\/wp-json\/wp\/v2\/posts\/20706\/revisions\/20718"}],"wp:featuredmedia":[{"embeddable":true,"href":"https:\/\/www.ifbaiano.edu.br\/unidades\/lapa\/wp-json\/wp\/v2\/media\/20712"}],"wp:attachment":[{"href":"https:\/\/www.ifbaiano.edu.br\/unidades\/lapa\/wp-json\/wp\/v2\/media?parent=20706"}],"wp:term":[{"taxonomy":"category","embeddable":true,"href":"https:\/\/www.ifbaiano.edu.br\/unidades\/lapa\/wp-json\/wp\/v2\/categories?post=20706"},{"taxonomy":"post_tag","embeddable":true,"href":"https:\/\/www.ifbaiano.edu.br\/unidades\/lapa\/wp-json\/wp\/v2\/tags?post=20706"}],"curies":[{"name":"wp","href":"https:\/\/api.w.org\/{rel}","templated":true}]}}