{"id":2073,"date":"2014-03-02T00:38:11","date_gmt":"2014-03-02T02:38:11","guid":{"rendered":"http:\/\/www.ifbaiano.edu.br\/unidades\/lapa\/?p=2073"},"modified":"2014-03-02T00:38:11","modified_gmt":"2014-03-02T02:38:11","slug":"setec-retifica-edital-de-mestrado-em-gestao-publica-destinado-aos-servidores","status":"publish","type":"post","link":"https:\/\/www.ifbaiano.edu.br\/unidades\/lapa\/2014\/03\/02\/setec-retifica-edital-de-mestrado-em-gestao-publica-destinado-aos-servidores\/","title":{"rendered":"SETEC retifica edital de Mestrado em Gest\u00e3o P\u00fablica destinado aos servidores"},"content":{"rendered":"<div>A SETEC retificou o item que disp\u00f5e sobre a profici\u00eancia em L\u00ednguas. Confira a retifica\u00e7\u00e3o:<\/div>\n<div>\u00a0<!--more--><\/div>\n<div><img decoding=\"async\" src=\"http:\/\/www.ifpa.edu.br\/images\/2013\/Banner\/retificao_do_Edital_Gestao_Publica.png\" alt=\"\" \/><\/div>\n","protected":false},"excerpt":{"rendered":"<p>A SETEC retificou o item que disp\u00f5e sobre a profici\u00eancia em L\u00ednguas. Confira a retifica\u00e7\u00e3o: \u00a0<\/p>\n","protected":false},"author":41,"featured_media":0,"comment_status":"open","ping_status":"open","sticky":false,"template":"","format":"standard","meta":[],"categories":[41],"tags":[],"_links":{"self":[{"href":"https:\/\/www.ifbaiano.edu.br\/unidades\/lapa\/wp-json\/wp\/v2\/posts\/2073"}],"collection":[{"href":"https:\/\/www.ifbaiano.edu.br\/unidades\/lapa\/wp-json\/wp\/v2\/posts"}],"about":[{"href":"https:\/\/www.ifbaiano.edu.br\/unidades\/lapa\/wp-json\/wp\/v2\/types\/post"}],"author":[{"embeddable":true,"href":"https:\/\/www.ifbaiano.edu.br\/unidades\/lapa\/wp-json\/wp\/v2\/users\/41"}],"replies":[{"embeddable":true,"href":"https:\/\/www.ifbaiano.edu.br\/unidades\/lapa\/wp-json\/wp\/v2\/comments?post=2073"}],"version-history":[{"count":2,"href":"https:\/\/www.ifbaiano.edu.br\/unidades\/lapa\/wp-json\/wp\/v2\/posts\/2073\/revisions"}],"predecessor-version":[{"id":2075,"href":"https:\/\/www.ifbaiano.edu.br\/unidades\/lapa\/wp-json\/wp\/v2\/posts\/2073\/revisions\/2075"}],"wp:attachment":[{"href":"https:\/\/www.ifbaiano.edu.br\/unidades\/lapa\/wp-json\/wp\/v2\/media?parent=2073"}],"wp:term":[{"taxonomy":"category","embeddable":true,"href":"https:\/\/www.ifbaiano.edu.br\/unidades\/lapa\/wp-json\/wp\/v2\/categories?post=2073"},{"taxonomy":"post_tag","embeddable":true,"href":"https:\/\/www.ifbaiano.edu.br\/unidades\/lapa\/wp-json\/wp\/v2\/tags?post=2073"}],"curies":[{"name":"wp","href":"https:\/\/api.w.org\/{rel}","templated":true}]}}