{"id":20755,"date":"2021-08-28T18:06:35","date_gmt":"2021-08-28T21:06:35","guid":{"rendered":"https:\/\/www.ifbaiano.edu.br\/unidades\/lapa\/?p=20755"},"modified":"2021-08-28T18:06:36","modified_gmt":"2021-08-28T21:06:36","slug":"aula-inaugural-2021-1-o-crea-e-as-atribuicoes-do-engenheiro-agronomo","status":"publish","type":"post","link":"https:\/\/www.ifbaiano.edu.br\/unidades\/lapa\/2021\/08\/28\/aula-inaugural-2021-1-o-crea-e-as-atribuicoes-do-engenheiro-agronomo\/","title":{"rendered":"Aula Inaugural 2021.1: O CREA e as atribui\u00e7\u00f5es do Engenheiro Agr\u00f4nomo"},"content":{"rendered":"\n<p>Convidamos os alunos do curso de Engenharia Agron\u00f4mica do Campus Bom Jesus da Lapa, estudantes de agronomia de outras institui\u00e7\u00f5es e servidores a participarem da Aula Magna do semestre letivo 2021.1, a realizar-se no dia\u00a001\/09\/2021, \u00e0s 09:00 horas, conforme o card abaixo. O palestrante ser\u00e1 o Prof.\u00a0<strong>Dr. Jorge da Silva Junior<\/strong>, Engenheiro Agr\u00f4nomo e Coordenador da C\u00e2mara Especializada em Engenharia Agron\u00f4mica do CREA-BA.Ser\u00e1 um momento para conhecer o funcionamento do CREA no que se refere \u00e0s atribui\u00e7\u00f5es do profissional de engenharia agron\u00f4mica.O evento ser\u00e1 certificado, portanto, exige a realiza\u00e7\u00e3o de inscri\u00e7\u00e3o pr\u00e9via, no per\u00edodo de 26\/08 a\u00a031\/08\/2021, no link abaixo:\u00a0<\/p>\n\n\n\n<p><br><a rel=\"noreferrer noopener\" target=\"_blank\" href=\"https:\/\/suap.ifbaiano.edu.br\/eventos\/inscricao_publica\/207\/\">https:\/\/suap.ifbaiano.edu.br\/eventos\/inscricao_publica\/207\/<\/a><\/p>\n\n\n\n<p><br>A transmiss\u00e3o ser\u00e1 realizada no <strong>canal\u00a0Agronomia Campus Lapa<\/strong>, dispon\u00edvel no seguinte link:<br><a rel=\"noreferrer noopener\" target=\"_blank\" href=\"https:\/\/www.youtube.com\/channel\/UCm5KzYD3jkwpxaXXN5DKeBA\">https:\/\/www.youtube.com\/channel\/UCm5KzYD3jkwpxaXXN5DKeBA<\/a><\/p>\n\n\n\n<p><strong>Elisa Eni Freitag<\/strong><br>Coordena\u00e7\u00e3o do Curso<\/p>\n\n\n\n<div class=\"wp-block-image\"><figure class=\"aligncenter size-large\"><img decoding=\"async\" loading=\"lazy\" width=\"1080\" height=\"1080\" src=\"https:\/\/www.ifbaiano.edu.br\/unidades\/lapa\/files\/2021\/08\/WhatsApp-Image-2021-08-25-at-23.18.35-1.jpeg\" alt=\"\" class=\"wp-image-20756\" \/><\/figure><\/div>\n\n\n\n<p><\/p>\n","protected":false},"excerpt":{"rendered":"<p>Convidamos os alunos do curso de Engenharia Agron\u00f4mica do Campus Bom Jesus da Lapa, estudantes de agronomia de outras institui\u00e7\u00f5es e servidores a participarem da Aula Magna do semestre letivo 2021.1, a realizar-se no dia\u00a001\/09\/2021, \u00e0s 09:00 horas, conforme o card abaixo. O palestrante ser\u00e1 o Prof.\u00a0Dr. Jorge da Silva Junior, Engenheiro Agr\u00f4nomo e Coordenador [&hellip;]<\/p>\n","protected":false},"author":58,"featured_media":20756,"comment_status":"open","ping_status":"open","sticky":false,"template":"","format":"standard","meta":[],"categories":[64,70,65],"tags":[],"_links":{"self":[{"href":"https:\/\/www.ifbaiano.edu.br\/unidades\/lapa\/wp-json\/wp\/v2\/posts\/20755"}],"collection":[{"href":"https:\/\/www.ifbaiano.edu.br\/unidades\/lapa\/wp-json\/wp\/v2\/posts"}],"about":[{"href":"https:\/\/www.ifbaiano.edu.br\/unidades\/lapa\/wp-json\/wp\/v2\/types\/post"}],"author":[{"embeddable":true,"href":"https:\/\/www.ifbaiano.edu.br\/unidades\/lapa\/wp-json\/wp\/v2\/users\/58"}],"replies":[{"embeddable":true,"href":"https:\/\/www.ifbaiano.edu.br\/unidades\/lapa\/wp-json\/wp\/v2\/comments?post=20755"}],"version-history":[{"count":1,"href":"https:\/\/www.ifbaiano.edu.br\/unidades\/lapa\/wp-json\/wp\/v2\/posts\/20755\/revisions"}],"predecessor-version":[{"id":20757,"href":"https:\/\/www.ifbaiano.edu.br\/unidades\/lapa\/wp-json\/wp\/v2\/posts\/20755\/revisions\/20757"}],"wp:featuredmedia":[{"embeddable":true,"href":"https:\/\/www.ifbaiano.edu.br\/unidades\/lapa\/wp-json\/wp\/v2\/media\/20756"}],"wp:attachment":[{"href":"https:\/\/www.ifbaiano.edu.br\/unidades\/lapa\/wp-json\/wp\/v2\/media?parent=20755"}],"wp:term":[{"taxonomy":"category","embeddable":true,"href":"https:\/\/www.ifbaiano.edu.br\/unidades\/lapa\/wp-json\/wp\/v2\/categories?post=20755"},{"taxonomy":"post_tag","embeddable":true,"href":"https:\/\/www.ifbaiano.edu.br\/unidades\/lapa\/wp-json\/wp\/v2\/tags?post=20755"}],"curies":[{"name":"wp","href":"https:\/\/api.w.org\/{rel}","templated":true}]}}