{"id":20787,"date":"2021-08-30T21:19:33","date_gmt":"2021-08-31T00:19:33","guid":{"rendered":"https:\/\/www.ifbaiano.edu.br\/unidades\/lapa\/?p=20787"},"modified":"2021-09-01T21:15:52","modified_gmt":"2021-09-02T00:15:52","slug":"iii-simposio-sobre-educacao-inclusiva-no-territorio-do-velho-chico","status":"publish","type":"post","link":"https:\/\/www.ifbaiano.edu.br\/unidades\/lapa\/2021\/08\/30\/iii-simposio-sobre-educacao-inclusiva-no-territorio-do-velho-chico\/","title":{"rendered":"III Simp\u00f3sio sobre Educa\u00e7\u00e3o Inclusiva no Territ\u00f3rio do Velho Chico"},"content":{"rendered":"\n<p>O NAPNE &#8211; N\u00facleo de Atendimento \u00e0s Pessoas com Necessidades Espec\u00edficas do IF Baiano &#8211; Campus Bom Jesus da Lapa-Ba, promove o III Simp\u00f3sio sobre Educa\u00e7\u00e3o Inclusiva no Territ\u00f3rio do Velho Chico no formato de &nbsp;Web Simp\u00f3sio com o tema &#8220;O Protagonismo da pessoa com defici\u00eancia&#8221;.<\/p>\n\n\n\n<p>O evento ocorrer\u00e1 nos dias 20 a&nbsp;22 de setembro.<br>Todo o evento ser\u00e1 realizado online e gratuito.&nbsp;&nbsp;<br>O per\u00edodo de inscri\u00e7\u00e3o \u00e9 de&nbsp;30 de agosto&nbsp;a&nbsp;15 de setembro&nbsp;de 2021.&nbsp;&nbsp;<br>Contamos com a sua presen\u00e7a!!!<\/p>\n\n\n\n<p><\/p>\n\n\n\n<p>links de acesso \u00e0 inscri\u00e7\u00e3o:<br><a rel=\"noreferrer noopener\" target=\"_blank\" href=\"https:\/\/forms.gle\/nKmqJMLPQXWGhK628\">https:\/\/forms.gle\/nKmqJMLPQXWGhK628<\/a><\/p>\n\n\n\n<div class=\"wp-block-image\"><figure class=\"aligncenter size-full\"><img decoding=\"async\" loading=\"lazy\" width=\"1136\" height=\"1280\" src=\"https:\/\/www.ifbaiano.edu.br\/unidades\/lapa\/files\/2021\/08\/simposio-velho-chico-EI.jpeg\" alt=\"\" class=\"wp-image-20775\" \/><\/figure><\/div>\n\n\n\n<p>Descri\u00e7\u00e3o do Card do III Simp\u00f3sio:<\/p>\n\n\n\n<p>Card na cor branca, nas laterais semic\u00edrculos formados &nbsp;com m\u00e3os coloridas.<br>Na parte superior faixa na cor azul escuro e escrito em letras brancas: III Simp\u00f3sio Sobre Educa\u00e7\u00e3o Inclusiva no Territ\u00f3rio Velho Chico, em amarelo: O protagonismo das pessoas com defici\u00eancia. Logo abaixo faixa amarela escrito no centro em azul: Programa\u00e7\u00e3o Geral.<br>No centro, \u00e0 esquerda, pequeno c\u00edrculo oval em azul e dentro escrito em branco: 20\/09. Ao lado centralizado em letras grandes e azuis: Mesa de Abertura. Abaixo em letras azuis: Palestrante Janinne Farias (Pessoa Sudocega), Sandra Samara Farias \u2013 M\u00e3e de Janinne.<br>Logo abaixo, \u00e0 esquerda, pequeno c\u00edrculo oval em azul e dentro escrito em branco: 21\/09. Ao lado centralizado em letras grandes e azuis: Oficinas e Minicursos. Abaixo em letras azuis: Convidados: Ivanilton Portela Le\u00e3o (Pessoa com cegueira), Edisv\u00e2nio Nascimento \u2013 pessoa com baixa vis\u00e3o.<br>Logo abaixo, \u00e0 esquerda, pequeno c\u00edrculo oval em azul e dentro escrito em branco: 22\/09. Ao lado centralizado em letras grandes e azuis: Oficinas e Minicursos. Abaixo em letras azuis: Convidados: Celiane Dias (Pessoa com surdez), Vanglebson Oliveira (Pessoa com paraplegia.<br>No rodap\u00e9, \u00e0 esquerda, s\u00edmbolo do N\u00facleo de Atendimento \u00e0s Pessoas com Necessidades Espec\u00edficas (NAPNE); abaixo logomarca do IF Baiano \u2013 Campus Lapa. No canto direito, uma pequena \u00e1rvore da inclus\u00e3o com m\u00e3os coloridas.<\/p>\n\n\n\n<hr class=\"wp-block-separator\" \/>\n\n\n\n<p class=\"has-text-align-center\"><strong>PROGRAMA\u00c7\u00c3O 20\/9\/2021<\/strong><\/p>\n\n\n\n<hr class=\"wp-block-separator\" \/>\n\n\n\n<figure class=\"wp-block-image size-full\"><img decoding=\"async\" loading=\"lazy\" width=\"1136\" height=\"1280\" src=\"https:\/\/www.ifbaiano.edu.br\/unidades\/lapa\/files\/2021\/09\/card-da-programacao-do-dia-20-de-novembro.jpeg\" alt=\"\" class=\"wp-image-20804\" \/><\/figure>\n\n\n\n<p>Programa\u00e7\u00e3o do III Simp\u00f3sio sobre Educa\u00e7\u00e3o Inclusiva no Territ\u00f3rio do Velho Chico: O PROTAGONISMO DA PESSOA COM DEFICI\u00caNCIA.<\/p>\n\n\n\n<p>No dia&nbsp;20\/09\/21, das 19h30 \u00e0s 21h30, acontecer\u00e1 a Mesa de abertura do evento com o tema: SURDOCEGUEIRA: O JEITO JANINNE DE SER. As palestrantes ser\u00e3o Janinne Pires Farias (Pessoa Surdocega), Estudante de pedagogia na UNEB &#8211; campus Barreiras, professora de Braille na ONG Miquei, membro da ABRASC\u2013 Associa\u00e7\u00e3o Brasileira de Surdocegos e Sandra Samara Farias (M\u00e3e de Janinne), Pedagoga, Especialista em Educa\u00e7\u00e3o Inclusiva\/Especial em LIBRAS, Professora do IFBA. A transmiss\u00e3o ser\u00e1 atrav\u00e9s do canal no YouTube do IF Baiano &#8211; Campus Lapa.<br>Contamos com a sua presen\u00e7a!!!<\/p>\n\n\n\n<p>descri\u00e7\u00e3o do card:<br>Card na cor branca, nas laterais semic\u00edrculos formados &nbsp;com m\u00e3os coloridas.<br>Na parte superior escrito em caixa alta na cor azul e centralizado: das 19h30 \u00e0s 21h30. Abaixo da esquerda para a direita: S\u00edmbolo do N\u00facleo de Atendimento \u00e0s Pessoas com Necessidades Espec\u00edficas (NAPNE), logomarca do IF Baiano \u2013 Campus Lapa; T\u00edtulo em letras grandes e azul: Mesa de Abertura, ao lado, pequeno c\u00edrculo oval em azul e dentro escrito em branco: 20\/09. Logo abaixo faixa amarela escrito no centro em azul: Surdocegueira: o jeito Janinne de ser.<br>No centro, h\u00e1 duas fotos lado a lado em formato retangular. \u00c0 esquerda, Janinne Pires Farias. Mulher de pele branca, cabelos castanhos escuro e longos, usa brincos grandes, correntes no pesco\u00e7o, um blazer rosa com blusa branca por baixo e est\u00e1 sorridente. \u00c0 direita, Sandra Samara Farias. Mulher de pele branca, cabelos castanhos escuro na altura do ombro, usa um batom vermelho na boca, blusa de manga longa na cor branca e est\u00e1 sorridente.<br>Na parte inferior, &nbsp;centralizado em letras azuis de cima para baixo: Convidas: Janinne Pires Farias (Pessoa Surdocega); em caixa alta: Estudante de pedagogia, professora de Braille na ONG Miquei, membro da ABRASC\u2013 Associa\u00e7\u00e3o Brasileira de Surdocegos. Sandra Samara Farias (M\u00e3e de Janinne); em caixa alta: Pedagoga, Especialista em Educa\u00e7\u00e3o Inclusiva\/Especial em LIBRAS, professora do IFBA. Mediadora: Adevanucia Nere, em caixa alta: Professora de Atendimento Educacional Especializado \u2013 AEE IF Baiano \u2013 Campus Lapa.<\/p>\n","protected":false},"excerpt":{"rendered":"<p>O NAPNE &#8211; N\u00facleo de Atendimento \u00e0s Pessoas com Necessidades Espec\u00edficas do IF Baiano &#8211; Campus Bom Jesus da Lapa-Ba, promove o III Simp\u00f3sio sobre Educa\u00e7\u00e3o Inclusiva no Territ\u00f3rio do Velho Chico no formato de &nbsp;Web Simp\u00f3sio com o tema &#8220;O Protagonismo da pessoa com defici\u00eancia&#8221;. O evento ocorrer\u00e1 nos dias 20 a&nbsp;22 de setembro.Todo [&hellip;]<\/p>\n","protected":false},"author":58,"featured_media":20775,"comment_status":"open","ping_status":"open","sticky":false,"template":"","format":"standard","meta":[],"categories":[64,24,65],"tags":[],"_links":{"self":[{"href":"https:\/\/www.ifbaiano.edu.br\/unidades\/lapa\/wp-json\/wp\/v2\/posts\/20787"}],"collection":[{"href":"https:\/\/www.ifbaiano.edu.br\/unidades\/lapa\/wp-json\/wp\/v2\/posts"}],"about":[{"href":"https:\/\/www.ifbaiano.edu.br\/unidades\/lapa\/wp-json\/wp\/v2\/types\/post"}],"author":[{"embeddable":true,"href":"https:\/\/www.ifbaiano.edu.br\/unidades\/lapa\/wp-json\/wp\/v2\/users\/58"}],"replies":[{"embeddable":true,"href":"https:\/\/www.ifbaiano.edu.br\/unidades\/lapa\/wp-json\/wp\/v2\/comments?post=20787"}],"version-history":[{"count":2,"href":"https:\/\/www.ifbaiano.edu.br\/unidades\/lapa\/wp-json\/wp\/v2\/posts\/20787\/revisions"}],"predecessor-version":[{"id":20806,"href":"https:\/\/www.ifbaiano.edu.br\/unidades\/lapa\/wp-json\/wp\/v2\/posts\/20787\/revisions\/20806"}],"wp:featuredmedia":[{"embeddable":true,"href":"https:\/\/www.ifbaiano.edu.br\/unidades\/lapa\/wp-json\/wp\/v2\/media\/20775"}],"wp:attachment":[{"href":"https:\/\/www.ifbaiano.edu.br\/unidades\/lapa\/wp-json\/wp\/v2\/media?parent=20787"}],"wp:term":[{"taxonomy":"category","embeddable":true,"href":"https:\/\/www.ifbaiano.edu.br\/unidades\/lapa\/wp-json\/wp\/v2\/categories?post=20787"},{"taxonomy":"post_tag","embeddable":true,"href":"https:\/\/www.ifbaiano.edu.br\/unidades\/lapa\/wp-json\/wp\/v2\/tags?post=20787"}],"curies":[{"name":"wp","href":"https:\/\/api.w.org\/{rel}","templated":true}]}}