{"id":20799,"date":"2021-09-01T21:02:24","date_gmt":"2021-09-02T00:02:24","guid":{"rendered":"https:\/\/www.ifbaiano.edu.br\/unidades\/lapa\/?p=20799"},"modified":"2021-09-08T09:22:13","modified_gmt":"2021-09-08T12:22:13","slug":"divulgacao-de-edital-de-selecao-de-monitores-2021-1-agronomia-e-gestao-da-tecnologia-da-informacao","status":"publish","type":"post","link":"https:\/\/www.ifbaiano.edu.br\/unidades\/lapa\/2021\/09\/01\/divulgacao-de-edital-de-selecao-de-monitores-2021-1-agronomia-e-gestao-da-tecnologia-da-informacao\/","title":{"rendered":"Divulga\u00e7\u00e3o de edital de sele\u00e7\u00e3o de monitores &#8211; 2021.1 &#8211; Agronomia e Gest\u00e3o da Tecnologia da Informa\u00e7\u00e3o"},"content":{"rendered":"\n<p align=\"justify\">A comiss\u00e3o de monitoria torna p\u00fablico o Edital 08\/2021, que estabelece as normas para sele\u00e7\u00e3o de monitores de ensino para os Cursos de Gradua\u00e7\u00e3o em Engenharia Agron\u00f4mica e Gest\u00e3o da Tecnologia da Informa\u00e7\u00e3o, para o semestre letivo 2021.1, em conformidade com a Resolu\u00e7\u00e3o Consup\/IF Baiano n.\u00ba 08, de&nbsp;30 de mar\u00e7o de 2016 e Resolu\u00e7\u00e3o Consup\/IF Baiano n\u00ba 90, de&nbsp;28 de outubro&nbsp;de 2020.<\/p>\n\n\n\n<p><\/p>\n\n\n\n<p><br><strong>Per\u00edodo de inscri\u00e7\u00f5es<\/strong>: 06 a\u00a010 de setembro\u00a0de 2021.<\/p>\n\n\n<div class=\"wp-block-file\"><a href=\"https:\/\/www.ifbaiano.edu.br\/unidades\/lapa\/files\/2021\/09\/edital-8-2021.pdf\" target=\"_blank\" rel=\"noopener\">Edital 08\/2021 &#8211; Processo Seletivo de Monitores de Cursos de Gradua\u00e7\u00e3o<\/a><a class=\"wp-block-file__button\" href=\"https:\/\/www.ifbaiano.edu.br\/unidades\/lapa\/files\/2021\/09\/edital-8-2021.pdf\">Baixar<\/a><\/div>\n\n\n<p><span style=\"text-transform:uppercase\">Link de inscri\u00e7\u00e3o<\/span> (<strong>Dispon\u00edvel apenas no per\u00edodo de inscri\u00e7\u00e3o) <\/strong>&#8211;&nbsp;<a rel=\"noreferrer noopener\" target=\"_blank\" href=\"https:\/\/docs.google.com\/forms\/d\/e\/1FAIpQLSdzTQjs1k21KYQzeOvLx8ENFuh7Hq2D7-tzeLWZ4QDapU59Cw\/closedform\">https:\/\/docs.google.com\/forms\/d\/e\/1FAIpQLSdzTQjs1k21KYQzeOvLx8ENFuh7Hq2D7-tzeLWZ4QDapU59Cw\/closedform<\/a><\/p>\n\n\n\n<figure class=\"wp-block-image size-full\"><img decoding=\"async\" loading=\"lazy\" width=\"1080\" height=\"1080\" src=\"https:\/\/www.ifbaiano.edu.br\/unidades\/lapa\/files\/2021\/09\/WhatsApp-Image-2021-08-30-at-21.11.57.jpeg\" alt=\"\" class=\"wp-image-20800\" \/><\/figure>\n","protected":false},"excerpt":{"rendered":"<p>A comiss\u00e3o de monitoria torna p\u00fablico o Edital 08\/2021, que estabelece as normas para sele\u00e7\u00e3o de monitores de ensino para os Cursos de Gradua\u00e7\u00e3o em Engenharia Agron\u00f4mica e Gest\u00e3o da Tecnologia da Informa\u00e7\u00e3o, para o semestre letivo 2021.1, em conformidade com a Resolu\u00e7\u00e3o Consup\/IF Baiano n.\u00ba 08, de&nbsp;30 de mar\u00e7o de 2016 e Resolu\u00e7\u00e3o Consup\/IF [&hellip;]<\/p>\n","protected":false},"author":58,"featured_media":0,"comment_status":"open","ping_status":"open","sticky":false,"template":"","format":"standard","meta":[],"categories":[34,64,113,112,24,70,65],"tags":[],"_links":{"self":[{"href":"https:\/\/www.ifbaiano.edu.br\/unidades\/lapa\/wp-json\/wp\/v2\/posts\/20799"}],"collection":[{"href":"https:\/\/www.ifbaiano.edu.br\/unidades\/lapa\/wp-json\/wp\/v2\/posts"}],"about":[{"href":"https:\/\/www.ifbaiano.edu.br\/unidades\/lapa\/wp-json\/wp\/v2\/types\/post"}],"author":[{"embeddable":true,"href":"https:\/\/www.ifbaiano.edu.br\/unidades\/lapa\/wp-json\/wp\/v2\/users\/58"}],"replies":[{"embeddable":true,"href":"https:\/\/www.ifbaiano.edu.br\/unidades\/lapa\/wp-json\/wp\/v2\/comments?post=20799"}],"version-history":[{"count":6,"href":"https:\/\/www.ifbaiano.edu.br\/unidades\/lapa\/wp-json\/wp\/v2\/posts\/20799\/revisions"}],"predecessor-version":[{"id":20922,"href":"https:\/\/www.ifbaiano.edu.br\/unidades\/lapa\/wp-json\/wp\/v2\/posts\/20799\/revisions\/20922"}],"wp:attachment":[{"href":"https:\/\/www.ifbaiano.edu.br\/unidades\/lapa\/wp-json\/wp\/v2\/media?parent=20799"}],"wp:term":[{"taxonomy":"category","embeddable":true,"href":"https:\/\/www.ifbaiano.edu.br\/unidades\/lapa\/wp-json\/wp\/v2\/categories?post=20799"},{"taxonomy":"post_tag","embeddable":true,"href":"https:\/\/www.ifbaiano.edu.br\/unidades\/lapa\/wp-json\/wp\/v2\/tags?post=20799"}],"curies":[{"name":"wp","href":"https:\/\/api.w.org\/{rel}","templated":true}]}}