{"id":20849,"date":"2021-09-03T14:51:25","date_gmt":"2021-09-03T17:51:25","guid":{"rendered":"https:\/\/www.ifbaiano.edu.br\/unidades\/lapa\/?p=20849"},"modified":"2021-09-03T15:47:06","modified_gmt":"2021-09-03T18:47:06","slug":"retificados-os-prazos-para-submissao-de-projetos-nos-editais-pibiex-2021","status":"publish","type":"post","link":"https:\/\/www.ifbaiano.edu.br\/unidades\/lapa\/2021\/09\/03\/retificados-os-prazos-para-submissao-de-projetos-nos-editais-pibiex-2021\/","title":{"rendered":"Retificados os prazos para submiss\u00e3o de projetos nos editais PIBIEX 2021"},"content":{"rendered":"\n<p><p align=\"justify\">Divulgamos o link da publica\u00e7\u00e3o da 2\u00aa Retifica\u00e7\u00e3o do PIBIEX. O prazo da submiss\u00e3o foi alterado para 11 de setembro. O SUAP j\u00e1 foi atualizado.<\/p><\/p>\n\n\n\n<p><a href=\"https:\/\/ifbaiano.edu.br\/portal\/extensao\/pibiex-2\/\">https:\/\/ifbaiano.edu.br\/portal\/extensao\/pibiex-2\/<\/a><\/p>\n","protected":false},"excerpt":{"rendered":"<p>Divulgamos o link da publica\u00e7\u00e3o da 2\u00aa Retifica\u00e7\u00e3o do PIBIEX. O prazo da submiss\u00e3o foi alterado para 11 de setembro. O SUAP j\u00e1 foi atualizado. https:\/\/ifbaiano.edu.br\/portal\/extensao\/pibiex-2\/<\/p>\n","protected":false},"author":100,"featured_media":20878,"comment_status":"open","ping_status":"open","sticky":false,"template":"","format":"standard","meta":[],"categories":[64,24,40,65],"tags":[],"_links":{"self":[{"href":"https:\/\/www.ifbaiano.edu.br\/unidades\/lapa\/wp-json\/wp\/v2\/posts\/20849"}],"collection":[{"href":"https:\/\/www.ifbaiano.edu.br\/unidades\/lapa\/wp-json\/wp\/v2\/posts"}],"about":[{"href":"https:\/\/www.ifbaiano.edu.br\/unidades\/lapa\/wp-json\/wp\/v2\/types\/post"}],"author":[{"embeddable":true,"href":"https:\/\/www.ifbaiano.edu.br\/unidades\/lapa\/wp-json\/wp\/v2\/users\/100"}],"replies":[{"embeddable":true,"href":"https:\/\/www.ifbaiano.edu.br\/unidades\/lapa\/wp-json\/wp\/v2\/comments?post=20849"}],"version-history":[{"count":4,"href":"https:\/\/www.ifbaiano.edu.br\/unidades\/lapa\/wp-json\/wp\/v2\/posts\/20849\/revisions"}],"predecessor-version":[{"id":20879,"href":"https:\/\/www.ifbaiano.edu.br\/unidades\/lapa\/wp-json\/wp\/v2\/posts\/20849\/revisions\/20879"}],"wp:featuredmedia":[{"embeddable":true,"href":"https:\/\/www.ifbaiano.edu.br\/unidades\/lapa\/wp-json\/wp\/v2\/media\/20878"}],"wp:attachment":[{"href":"https:\/\/www.ifbaiano.edu.br\/unidades\/lapa\/wp-json\/wp\/v2\/media?parent=20849"}],"wp:term":[{"taxonomy":"category","embeddable":true,"href":"https:\/\/www.ifbaiano.edu.br\/unidades\/lapa\/wp-json\/wp\/v2\/categories?post=20849"},{"taxonomy":"post_tag","embeddable":true,"href":"https:\/\/www.ifbaiano.edu.br\/unidades\/lapa\/wp-json\/wp\/v2\/tags?post=20849"}],"curies":[{"name":"wp","href":"https:\/\/api.w.org\/{rel}","templated":true}]}}