{"id":2088,"date":"2014-03-06T22:44:06","date_gmt":"2014-03-07T00:44:06","guid":{"rendered":"http:\/\/www.ifbaiano.edu.br\/unidades\/lapa\/?p=2088"},"modified":"2014-03-06T22:49:59","modified_gmt":"2014-03-07T00:49:59","slug":"edital-do-mec-apoiara-projetos-de-extensao","status":"publish","type":"post","link":"https:\/\/www.ifbaiano.edu.br\/unidades\/lapa\/2014\/03\/06\/edital-do-mec-apoiara-projetos-de-extensao\/","title":{"rendered":"Edital do MEC apoiar\u00e1 projetos de Extens\u00e3o"},"content":{"rendered":"<p>Nessa edi\u00e7\u00e3o do edital haver\u00e1 financiamento de projetos de extens\u00e3o (de at\u00e9 R$ 100 mil) e programas de extens\u00e3o (de at\u00e9 R$ 300 mil).<\/p>\n<p><!--more--><\/p>\n<p>O Minist\u00e9rio da Educa\u00e7\u00e3o (MEC), por interm\u00e9dio da SESu\/DIFES, lan\u00e7ou o Edital PROEXT 2015, atrav\u00e9s do qual dar\u00e1 apoio financeiro a projetos de Extens\u00e3o Universit\u00e1ria, com \u00eanfase na forma\u00e7\u00e3o dos estudantes e na inclus\u00e3o social nas suas mais diversas dimens\u00f5es.<\/p>\n<p>&nbsp;<\/p>\n<p><a href=\"http:\/\/portal.mec.gov.br\/index.php?option=com_content&amp;view=article&amp;id=12243:proext-apresentacao&amp;catid=235:proext-programa-de-extensao-universitaria-&amp;Itemid=488\">\u00a0Acessem aqui o Edital<\/a><\/p>\n<p>Fonte: Ascom\/Campus Bom Jesus da Lapa<\/p>\n","protected":false},"excerpt":{"rendered":"<p>Nessa edi\u00e7\u00e3o do edital haver\u00e1 financiamento de projetos de extens\u00e3o (de at\u00e9 R$ 100 mil) e programas de extens\u00e3o (de at\u00e9 R$ 300 mil).<\/p>\n","protected":false},"author":41,"featured_media":0,"comment_status":"open","ping_status":"open","sticky":false,"template":"","format":"standard","meta":[],"categories":[40],"tags":[],"_links":{"self":[{"href":"https:\/\/www.ifbaiano.edu.br\/unidades\/lapa\/wp-json\/wp\/v2\/posts\/2088"}],"collection":[{"href":"https:\/\/www.ifbaiano.edu.br\/unidades\/lapa\/wp-json\/wp\/v2\/posts"}],"about":[{"href":"https:\/\/www.ifbaiano.edu.br\/unidades\/lapa\/wp-json\/wp\/v2\/types\/post"}],"author":[{"embeddable":true,"href":"https:\/\/www.ifbaiano.edu.br\/unidades\/lapa\/wp-json\/wp\/v2\/users\/41"}],"replies":[{"embeddable":true,"href":"https:\/\/www.ifbaiano.edu.br\/unidades\/lapa\/wp-json\/wp\/v2\/comments?post=2088"}],"version-history":[{"count":3,"href":"https:\/\/www.ifbaiano.edu.br\/unidades\/lapa\/wp-json\/wp\/v2\/posts\/2088\/revisions"}],"predecessor-version":[{"id":2090,"href":"https:\/\/www.ifbaiano.edu.br\/unidades\/lapa\/wp-json\/wp\/v2\/posts\/2088\/revisions\/2090"}],"wp:attachment":[{"href":"https:\/\/www.ifbaiano.edu.br\/unidades\/lapa\/wp-json\/wp\/v2\/media?parent=2088"}],"wp:term":[{"taxonomy":"category","embeddable":true,"href":"https:\/\/www.ifbaiano.edu.br\/unidades\/lapa\/wp-json\/wp\/v2\/categories?post=2088"},{"taxonomy":"post_tag","embeddable":true,"href":"https:\/\/www.ifbaiano.edu.br\/unidades\/lapa\/wp-json\/wp\/v2\/tags?post=2088"}],"curies":[{"name":"wp","href":"https:\/\/api.w.org\/{rel}","templated":true}]}}