{"id":20880,"date":"2021-09-03T15:53:50","date_gmt":"2021-09-03T18:53:50","guid":{"rendered":"https:\/\/www.ifbaiano.edu.br\/unidades\/lapa\/?p=20880"},"modified":"2021-09-03T15:55:24","modified_gmt":"2021-09-03T18:55:24","slug":"simposio-interdisciplinar-de-meio-ambiente-do-territorio-velho-chico","status":"publish","type":"post","link":"https:\/\/www.ifbaiano.edu.br\/unidades\/lapa\/2021\/09\/03\/simposio-interdisciplinar-de-meio-ambiente-do-territorio-velho-chico\/","title":{"rendered":"Simp\u00f3sio Interdisciplinar de Meio Ambiente do Territ\u00f3rio Velho Chico"},"content":{"rendered":"\n<p><p align=\"justify\">O Simp\u00f3sio Interdisciplinar de Meio Ambiente do Territ\u00f3rio Velho Chico, \u00e9 uma a\u00e7\u00e3o gratuita, com foco na responsabilidade social, tendo como p\u00fablico-alvo, acad\u00eamicos de gradua\u00e7\u00e3o das institui\u00e7\u00f5es envolvidas na organiza\u00e7\u00e3o e de outras institui\u00e7\u00f5es existentes no territ\u00f3rio e regi\u00e3o de abrang\u00eancia. Para a viabiliza\u00e7\u00e3o deste Simp\u00f3sio, criou-se uma comiss\u00e3o composta por gestores, servidores e acad\u00eamicos do Instituto Federal Baiano \u2013 Campus Bom Jesus da Lapa e da Faculdade de Ci\u00eancias Jur\u00eddicas Pit\u00e1goras de Bom Jesus da Lapa. As atividades a serem desenvolvidas, ocorrer\u00e3o no per\u00edodo de 8 a 10 de setembro de 2021, no formato virtual, com transmiss\u00e3o nas redes sociais das institui\u00e7\u00f5es parceiras. O Simp\u00f3sio interdisciplinar ser\u00e1 realizado com os seguintes temas: O Meio Ambiente como direito fundamental: interfaces entre o agroneg\u00f3cio e o desenvolvimento econ\u00f4mico; sustent\u00e1vel na perspectiva territorial; As experi\u00eancias do munic\u00edpio de Bom Jesus da Lapa-BA na consecu\u00e7\u00e3o da tutela ambiental; Crimes ambientais do Territ\u00f3rio em debate; Implanta\u00e7\u00e3o dos parques solares e o papel do licenciamento ambiental no desenvolvimento local sustent\u00e1vel e Gest\u00e3o dos Recursos H\u00eddricos no contexto da bacia do Rio S\u00e3o Francisco.<\/p><\/p>\n\n\n\n<p>Para se inscrever acesse: <a href=\"https:\/\/suap.ifbaiano.edu.br\/eventos\/inscricao_publica\/192\/\" target=\"_blank\" rel=\"noreferrer noopener\">https:\/\/suap.ifbaiano.edu.br\/eventos\/inscricao_publica\/192\/<\/a><\/p>\n\n\n\n<figure class=\"wp-block-image size-full\"><img decoding=\"async\" loading=\"lazy\" width=\"1080\" height=\"1080\" src=\"https:\/\/www.ifbaiano.edu.br\/unidades\/lapa\/files\/2021\/09\/simposio-meio-ambiente-2021.jpeg\" alt=\"\" class=\"wp-image-20882\" \/><\/figure>\n","protected":false},"excerpt":{"rendered":"<p>O Simp\u00f3sio Interdisciplinar de Meio Ambiente do Territ\u00f3rio Velho Chico, \u00e9 uma a\u00e7\u00e3o gratuita, com foco na responsabilidade social, tendo como p\u00fablico-alvo, acad\u00eamicos de gradua\u00e7\u00e3o das institui\u00e7\u00f5es envolvidas na organiza\u00e7\u00e3o e de outras institui\u00e7\u00f5es existentes no territ\u00f3rio e regi\u00e3o de abrang\u00eancia. Para a viabiliza\u00e7\u00e3o deste Simp\u00f3sio, criou-se uma comiss\u00e3o composta por gestores, servidores e acad\u00eamicos [&hellip;]<\/p>\n","protected":false},"author":100,"featured_media":20882,"comment_status":"open","ping_status":"open","sticky":false,"template":"","format":"standard","meta":[],"categories":[64,24,40,65],"tags":[],"_links":{"self":[{"href":"https:\/\/www.ifbaiano.edu.br\/unidades\/lapa\/wp-json\/wp\/v2\/posts\/20880"}],"collection":[{"href":"https:\/\/www.ifbaiano.edu.br\/unidades\/lapa\/wp-json\/wp\/v2\/posts"}],"about":[{"href":"https:\/\/www.ifbaiano.edu.br\/unidades\/lapa\/wp-json\/wp\/v2\/types\/post"}],"author":[{"embeddable":true,"href":"https:\/\/www.ifbaiano.edu.br\/unidades\/lapa\/wp-json\/wp\/v2\/users\/100"}],"replies":[{"embeddable":true,"href":"https:\/\/www.ifbaiano.edu.br\/unidades\/lapa\/wp-json\/wp\/v2\/comments?post=20880"}],"version-history":[{"count":3,"href":"https:\/\/www.ifbaiano.edu.br\/unidades\/lapa\/wp-json\/wp\/v2\/posts\/20880\/revisions"}],"predecessor-version":[{"id":20884,"href":"https:\/\/www.ifbaiano.edu.br\/unidades\/lapa\/wp-json\/wp\/v2\/posts\/20880\/revisions\/20884"}],"wp:featuredmedia":[{"embeddable":true,"href":"https:\/\/www.ifbaiano.edu.br\/unidades\/lapa\/wp-json\/wp\/v2\/media\/20882"}],"wp:attachment":[{"href":"https:\/\/www.ifbaiano.edu.br\/unidades\/lapa\/wp-json\/wp\/v2\/media?parent=20880"}],"wp:term":[{"taxonomy":"category","embeddable":true,"href":"https:\/\/www.ifbaiano.edu.br\/unidades\/lapa\/wp-json\/wp\/v2\/categories?post=20880"},{"taxonomy":"post_tag","embeddable":true,"href":"https:\/\/www.ifbaiano.edu.br\/unidades\/lapa\/wp-json\/wp\/v2\/tags?post=20880"}],"curies":[{"name":"wp","href":"https:\/\/api.w.org\/{rel}","templated":true}]}}