{"id":20893,"date":"2021-09-06T16:05:25","date_gmt":"2021-09-06T19:05:25","guid":{"rendered":"https:\/\/www.ifbaiano.edu.br\/unidades\/lapa\/?p=20893"},"modified":"2021-09-06T16:05:26","modified_gmt":"2021-09-06T19:05:26","slug":"abertas-as-inscricoes-para-omif-2021","status":"publish","type":"post","link":"https:\/\/www.ifbaiano.edu.br\/unidades\/lapa\/2021\/09\/06\/abertas-as-inscricoes-para-omif-2021\/","title":{"rendered":"Abertas as inscri\u00e7\u00f5es para OMIF &#8211; 2021"},"content":{"rendered":"\n<p align=\"justify\">A Olimp\u00edada de Matem\u00e1tica dos Institutos Federais (OMIF) est\u00e1 com sua 4\u00aa edi\u00e7\u00e3o aberta.<\/p>\n<p>A primeira fase ser\u00e1 uma prova 100% online que ocorrer\u00e1 no dia&nbsp;<strong>19 de setembro<\/strong>,&nbsp;<strong>das 14 as 20 horas.<\/strong><\/p>\n<p>Todos os alunos matriculados em cursos integrados podem se inscrever. Basta clicar nesse&nbsp;<a href=\"https:\/\/chat.whatsapp.com\/LeUq7dbVtWJHyI99LO1RMs\" target=\"_blank\" rel=\"noreferrer noopener\">link<\/a>, que voc\u00ea ser\u00e1 redirecionado para o grupo whatsapp dos inscritos.<\/p>\n\n\n\n<figure class=\"wp-block-image size-full\"><img decoding=\"async\" loading=\"lazy\" width=\"493\" height=\"296\" src=\"https:\/\/www.ifbaiano.edu.br\/unidades\/lapa\/files\/2021\/09\/CARD-OmIF2021.png\" alt=\"\" class=\"wp-image-20895\" \/><\/figure>\n","protected":false},"excerpt":{"rendered":"<p>A Olimp\u00edada de Matem\u00e1tica dos Institutos Federais (OMIF) est\u00e1 com sua 4\u00aa edi\u00e7\u00e3o aberta. A primeira fase ser\u00e1 uma prova 100% online que ocorrer\u00e1 no dia&nbsp;19 de setembro,&nbsp;das 14 as 20 horas. Todos os alunos matriculados em cursos integrados podem se inscrever. Basta clicar nesse&nbsp;link, que voc\u00ea ser\u00e1 redirecionado para o grupo whatsapp dos inscritos.<\/p>\n","protected":false},"author":100,"featured_media":20895,"comment_status":"open","ping_status":"open","sticky":false,"template":"","format":"standard","meta":[],"categories":[64,24,68,65],"tags":[],"_links":{"self":[{"href":"https:\/\/www.ifbaiano.edu.br\/unidades\/lapa\/wp-json\/wp\/v2\/posts\/20893"}],"collection":[{"href":"https:\/\/www.ifbaiano.edu.br\/unidades\/lapa\/wp-json\/wp\/v2\/posts"}],"about":[{"href":"https:\/\/www.ifbaiano.edu.br\/unidades\/lapa\/wp-json\/wp\/v2\/types\/post"}],"author":[{"embeddable":true,"href":"https:\/\/www.ifbaiano.edu.br\/unidades\/lapa\/wp-json\/wp\/v2\/users\/100"}],"replies":[{"embeddable":true,"href":"https:\/\/www.ifbaiano.edu.br\/unidades\/lapa\/wp-json\/wp\/v2\/comments?post=20893"}],"version-history":[{"count":3,"href":"https:\/\/www.ifbaiano.edu.br\/unidades\/lapa\/wp-json\/wp\/v2\/posts\/20893\/revisions"}],"predecessor-version":[{"id":20897,"href":"https:\/\/www.ifbaiano.edu.br\/unidades\/lapa\/wp-json\/wp\/v2\/posts\/20893\/revisions\/20897"}],"wp:featuredmedia":[{"embeddable":true,"href":"https:\/\/www.ifbaiano.edu.br\/unidades\/lapa\/wp-json\/wp\/v2\/media\/20895"}],"wp:attachment":[{"href":"https:\/\/www.ifbaiano.edu.br\/unidades\/lapa\/wp-json\/wp\/v2\/media?parent=20893"}],"wp:term":[{"taxonomy":"category","embeddable":true,"href":"https:\/\/www.ifbaiano.edu.br\/unidades\/lapa\/wp-json\/wp\/v2\/categories?post=20893"},{"taxonomy":"post_tag","embeddable":true,"href":"https:\/\/www.ifbaiano.edu.br\/unidades\/lapa\/wp-json\/wp\/v2\/tags?post=20893"}],"curies":[{"name":"wp","href":"https:\/\/api.w.org\/{rel}","templated":true}]}}