{"id":20926,"date":"2021-09-08T10:13:04","date_gmt":"2021-09-08T13:13:04","guid":{"rendered":"https:\/\/www.ifbaiano.edu.br\/unidades\/lapa\/?p=20926"},"modified":"2021-09-08T10:20:49","modified_gmt":"2021-09-08T13:20:49","slug":"processo-seletivo-de-monitores-de-ensino-dos-cursos-tecnicos-de-nivel-medio","status":"publish","type":"post","link":"https:\/\/www.ifbaiano.edu.br\/unidades\/lapa\/2021\/09\/08\/processo-seletivo-de-monitores-de-ensino-dos-cursos-tecnicos-de-nivel-medio\/","title":{"rendered":"Processo Seletivo de Monitores de Ensino dos Cursos T\u00e9cnicos de N\u00edvel M\u00e9dio"},"content":{"rendered":"\n<p align=\"justify\"><span style=\"text-transform:uppercase\">O Diretor-Geral do Instituto Federal de Educa\u00e7\u00e3o, Ci\u00eancia e Tecnologia Baiano \u2013 <em>Campus<\/em> Bom Jesus da Lapa<\/span>, no uso das suas atribui\u00e7\u00f5es, torna p\u00fablico o presente Edital que estabelece as normas para <span style=\"text-transform:uppercase\">Sele\u00e7\u00e3o de Monitores de Ensino<\/span> para os cursos da Educa\u00e7\u00e3o Profissional T\u00e9cnica de N\u00edvel M\u00e9dio para o ano letivo 2021, em conformidade com a Resolu\u00e7\u00e3o Consup n.\u00ba 08, de 30 de mar\u00e7o 2016\/CONSUP\/IF Baiano e Resolu\u00e7\u00e3o Consup n\u00ba 90, de 28 de outubro de 2020.<\/p>\n\n<p align=\"justify\">Poder\u00e3o inscrever-se estudantes com matr\u00edcula e frequ\u00eancia regular em curso T\u00e9cnico de N\u00edvel M\u00e9dio do IF Baiano \u2013 <em>Campus<\/em> Bom Jesus da Lapa, observados os pr\u00e9-requisitos para cada vaga disponibilizada, conforme item 4 e 5 deste Edital.<\/p>\n\n<p align=\"justify\">As inscri\u00e7\u00f5es ser\u00e3o realizadas de forma <span style=\"text-transform:uppercase\">Exclusivamente<\/span> eletr\u00f4nica por meio do link <a href=\"https:\/\/forms.gle\/FjnJdVDXwPAKpV2N9\" target=\"_blank\" rel=\"noopener\">Inscri\u00e7\u00e3o (p\u00e1gina externa, abre em nova aba)<\/a>, a ser disponibilizado no per\u00edodo de 08 a 13\/09\/2021, at\u00e9 \u00e0s 23:59h do dia 13\/09\/2021.<\/p>\n<p align=\"justify\"><a href=\"https:\/\/www.ifbaiano.edu.br\/unidades\/lapa\/edital-09-2021\/\">P\u00e1gina do Edital 09\/2021\n","protected":false},"excerpt":{"rendered":"<p>O Diretor-Geral do Instituto Federal de Educa\u00e7\u00e3o, Ci\u00eancia e Tecnologia Baiano \u2013 Campus Bom Jesus da Lapa, no uso das suas atribui\u00e7\u00f5es, torna p\u00fablico o presente Edital que estabelece as normas para Sele\u00e7\u00e3o de Monitores de Ensino para os cursos da Educa\u00e7\u00e3o Profissional T\u00e9cnica de N\u00edvel M\u00e9dio para o ano letivo 2021, em conformidade com [&hellip;]<\/p>\n","protected":false},"author":100,"featured_media":0,"comment_status":"open","ping_status":"open","sticky":false,"template":"","format":"standard","meta":[],"categories":[34,64,39,24,68,69,65],"tags":[],"_links":{"self":[{"href":"https:\/\/www.ifbaiano.edu.br\/unidades\/lapa\/wp-json\/wp\/v2\/posts\/20926"}],"collection":[{"href":"https:\/\/www.ifbaiano.edu.br\/unidades\/lapa\/wp-json\/wp\/v2\/posts"}],"about":[{"href":"https:\/\/www.ifbaiano.edu.br\/unidades\/lapa\/wp-json\/wp\/v2\/types\/post"}],"author":[{"embeddable":true,"href":"https:\/\/www.ifbaiano.edu.br\/unidades\/lapa\/wp-json\/wp\/v2\/users\/100"}],"replies":[{"embeddable":true,"href":"https:\/\/www.ifbaiano.edu.br\/unidades\/lapa\/wp-json\/wp\/v2\/comments?post=20926"}],"version-history":[{"count":5,"href":"https:\/\/www.ifbaiano.edu.br\/unidades\/lapa\/wp-json\/wp\/v2\/posts\/20926\/revisions"}],"predecessor-version":[{"id":20931,"href":"https:\/\/www.ifbaiano.edu.br\/unidades\/lapa\/wp-json\/wp\/v2\/posts\/20926\/revisions\/20931"}],"wp:attachment":[{"href":"https:\/\/www.ifbaiano.edu.br\/unidades\/lapa\/wp-json\/wp\/v2\/media?parent=20926"}],"wp:term":[{"taxonomy":"category","embeddable":true,"href":"https:\/\/www.ifbaiano.edu.br\/unidades\/lapa\/wp-json\/wp\/v2\/categories?post=20926"},{"taxonomy":"post_tag","embeddable":true,"href":"https:\/\/www.ifbaiano.edu.br\/unidades\/lapa\/wp-json\/wp\/v2\/tags?post=20926"}],"curies":[{"name":"wp","href":"https:\/\/api.w.org\/{rel}","templated":true}]}}