{"id":2093,"date":"2014-03-07T15:48:57","date_gmt":"2014-03-07T17:48:57","guid":{"rendered":"http:\/\/www.ifbaiano.edu.br\/unidades\/lapa\/?p=2093"},"modified":"2014-03-07T15:50:14","modified_gmt":"2014-03-07T17:50:14","slug":"convocacao-de-reuniao-com-a-comunidade-academica","status":"publish","type":"post","link":"https:\/\/www.ifbaiano.edu.br\/unidades\/lapa\/2014\/03\/07\/convocacao-de-reuniao-com-a-comunidade-academica\/","title":{"rendered":"Convoca\u00e7\u00e3o de reuni\u00e3o com a comunidade acad\u00eamica"},"content":{"rendered":"<p>A reuni\u00e3o acontecer\u00e1 no dia 12\/03\/2014, \u00e0s 14 horas, no audit\u00f3rio do Campus. Confiram a convoca\u00e7\u00e3o na \u00edntegra:<\/p>\n<p>&nbsp;<\/p>\n<p>Nos termos do Artigo 7\u00ba do Regimento Disciplinar Discente deste <em>Campus,<\/em> convocamos Vossas Senhorias a participarem de uma reuni\u00e3o que ser\u00e1 realizada, no dia 12\/03\/2014, \u00e0s 14 horas, no audit\u00f3rio do <em>Campus<\/em>, com o objetivo de promover a elei\u00e7\u00e3o dos novos membros da <strong>Comiss\u00e3o Disciplinar Discente<\/strong>.<\/p>\n<p><span style=\"font-size: 13px\">A referida comiss\u00e3o tem como prop\u00f3sito a instru\u00e7\u00e3o de processos disciplinares aplicados aos discentes e ser\u00e1 composta pelo Coordenador do NAE e representantes de alunos, docentes, servidores t\u00e9cnico-administrativos e pais, eleitos por seus pares em assembleia convocada para tal fim.<\/span><\/p>\n<p>&nbsp;<\/p>\n<p>Fonte: Gabinete da Dire\u00e7\u00e3o Geral &#8211; Campus Bom Jesus da Lapa<\/p>\n","protected":false},"excerpt":{"rendered":"<p>A reuni\u00e3o acontecer\u00e1 no dia 12\/03\/2014, \u00e0s 14 horas, no audit\u00f3rio do Campus. Confiram a convoca\u00e7\u00e3o na \u00edntegra: &nbsp; Nos termos do Artigo 7\u00ba do Regimento Disciplinar Discente deste Campus, convocamos Vossas Senhorias a participarem de uma reuni\u00e3o que ser\u00e1 realizada, no dia 12\/03\/2014, \u00e0s 14 horas, no audit\u00f3rio do Campus, com o objetivo de [&hellip;]<\/p>\n","protected":false},"author":41,"featured_media":0,"comment_status":"open","ping_status":"open","sticky":false,"template":"","format":"standard","meta":[],"categories":[38],"tags":[],"_links":{"self":[{"href":"https:\/\/www.ifbaiano.edu.br\/unidades\/lapa\/wp-json\/wp\/v2\/posts\/2093"}],"collection":[{"href":"https:\/\/www.ifbaiano.edu.br\/unidades\/lapa\/wp-json\/wp\/v2\/posts"}],"about":[{"href":"https:\/\/www.ifbaiano.edu.br\/unidades\/lapa\/wp-json\/wp\/v2\/types\/post"}],"author":[{"embeddable":true,"href":"https:\/\/www.ifbaiano.edu.br\/unidades\/lapa\/wp-json\/wp\/v2\/users\/41"}],"replies":[{"embeddable":true,"href":"https:\/\/www.ifbaiano.edu.br\/unidades\/lapa\/wp-json\/wp\/v2\/comments?post=2093"}],"version-history":[{"count":3,"href":"https:\/\/www.ifbaiano.edu.br\/unidades\/lapa\/wp-json\/wp\/v2\/posts\/2093\/revisions"}],"predecessor-version":[{"id":2095,"href":"https:\/\/www.ifbaiano.edu.br\/unidades\/lapa\/wp-json\/wp\/v2\/posts\/2093\/revisions\/2095"}],"wp:attachment":[{"href":"https:\/\/www.ifbaiano.edu.br\/unidades\/lapa\/wp-json\/wp\/v2\/media?parent=2093"}],"wp:term":[{"taxonomy":"category","embeddable":true,"href":"https:\/\/www.ifbaiano.edu.br\/unidades\/lapa\/wp-json\/wp\/v2\/categories?post=2093"},{"taxonomy":"post_tag","embeddable":true,"href":"https:\/\/www.ifbaiano.edu.br\/unidades\/lapa\/wp-json\/wp\/v2\/tags?post=2093"}],"curies":[{"name":"wp","href":"https:\/\/api.w.org\/{rel}","templated":true}]}}