{"id":20939,"date":"2021-09-08T11:34:49","date_gmt":"2021-09-08T14:34:49","guid":{"rendered":"https:\/\/www.ifbaiano.edu.br\/unidades\/lapa\/?p=20939"},"modified":"2021-09-08T11:39:20","modified_gmt":"2021-09-08T14:39:20","slug":"programacao-do-simposio-interdisciplinar-de-meio-ambiente-do-territorio-velho-chico","status":"publish","type":"post","link":"https:\/\/www.ifbaiano.edu.br\/unidades\/lapa\/2021\/09\/08\/programacao-do-simposio-interdisciplinar-de-meio-ambiente-do-territorio-velho-chico\/","title":{"rendered":"Programa\u00e7\u00e3o do Simp\u00f3sio Interdisciplinar de Meio Ambiente do Territ\u00f3rio Velho Chico"},"content":{"rendered":"\n<p align=\"justify\">Prezada comunidade, tornamos p\u00fablica a programa\u00e7\u00e3o do Simp\u00f3sio Interdisciplinar de Meio Ambiente do Territ\u00f3rio Velho Chico. Abaixo, o link para acompanhar as atividades de cada dia da programa\u00e7\u00e3o do evento. Lembrando que, para cada dia, h\u00e1 um link espec\u00edfico, no qual poder\u00e1 ser acompanhado o evento:<\/p>\n\n<p align=\"justify\"><span style=\"text-transform:uppercase\">Dia<\/span>: 08\/09 \u2013 19 Horas<br>\n<span style=\"text-transform:uppercase\">Abertura<\/span> e <span style=\"text-transform:uppercase\">Mesa Redonda<\/span>: O Meio Ambiente como direito fundamental: interfaces entre o agroneg\u00f3cio e o desenvolvimento econ\u00f4mico sustent\u00e1vel na perspectiva territorial.<br>\n<span style=\"text-transform:uppercase\">Link<\/span>: <a href=\"https:\/\/youtu.be\/13ztJuej5d0\" target=\"_blank\" rel=\"noopener\"> https:\/\/youtu.be\/13ztJuej5d0<\/a><\/p>\n\n<p align=\"justify\"><span style=\"text-transform:uppercase\">Dia<\/span>: 09\/09 \u2013 14 Horas<br>\n<span style=\"text-transform:uppercase\">Confer\u00eancia<\/span>: As experi\u00eancias do munic\u00edpio de Bom Jesus da Lapa-BA na consecu\u00e7\u00e3o da tutela ambiental<br>\n<span style=\"text-transform:uppercase\">Link<\/span>: <a href=\"https:\/\/youtu.be\/dFB5mAMrYsQ\" target=\"_blank\" rel=\"noopener\"> https:\/\/youtu.be\/dFB5mAMrYsQ<\/a><\/p>\n\n<p align=\"justify\"><span style=\"text-transform:uppercase\">Dia<\/span>: 09-09 \u2013 19 Horas<br>\n<span style=\"text-transform:uppercase\">Encontro de Autoridades<\/span>: Crimes ambientais do Territ\u00f3rio em debate.<br>\n<span style=\"text-transform:uppercase\">Link<\/span>: <a href=\"https:\/\/youtu.be\/7PimOpiLFDw\" target=\"_blank\" rel=\"noopener\"> https:\/\/youtu.be\/7PimOpiLFDw<\/a><\/p>\n\n<p align=\"justify\"><span style=\"text-transform:uppercase\">Dia<\/span>: 10.09 \u2013 19 horas<br>\n<span style=\"text-transform:uppercase\">Mesa de Di\u00e1logos<\/span>: Gest\u00e3o dos Recursos H\u00eddricos no contexto da bacia do Rio S\u00e3o Francisco.<br>\n<span>Link<\/span>: <a href=\"\/\/youtu.be\/z-f_r79fY9Y\u201d\" target=\"\u201d_blank\u201d\" rel=\"noopener\"> https:\/\/youtu.be\/z-f_r79fY9Y<\/a><\/p>\n\n\n\n<figure class=\"wp-block-gallery columns-3 is-cropped wp-block-gallery-1 is-layout-flex\"><ul class=\"blocks-gallery-grid\"><li class=\"blocks-gallery-item\"><figure><img decoding=\"async\" loading=\"lazy\" width=\"1080\" height=\"1080\" src=\"https:\/\/www.ifbaiano.edu.br\/unidades\/lapa\/files\/2021\/09\/simposio-meio-ambiente-2021.jpeg\" alt=\"\" data-id=\"20882\" data-full-url=\"https:\/\/www.ifbaiano.edu.br\/unidades\/lapa\/files\/2021\/09\/simposio-meio-ambiente-2021.jpeg\" data-link=\"https:\/\/www.ifbaiano.edu.br\/unidades\/lapa\/b4kd\/simposio-meio-ambiente-2021\/\" class=\"wp-image-20882\" \/><\/figure><\/li><li class=\"blocks-gallery-item\"><figure><img decoding=\"async\" loading=\"lazy\" width=\"1080\" height=\"1080\" src=\"https:\/\/www.ifbaiano.edu.br\/unidades\/lapa\/files\/2021\/09\/programacao-08_1.jpeg\" alt=\"\" data-id=\"20936\" data-full-url=\"https:\/\/www.ifbaiano.edu.br\/unidades\/lapa\/files\/2021\/09\/programacao-08_1.jpeg\" data-link=\"https:\/\/www.ifbaiano.edu.br\/unidades\/lapa\/programacao-08_1\/\" class=\"wp-image-20936\" \/><\/figure><\/li><li class=\"blocks-gallery-item\"><figure><img decoding=\"async\" loading=\"lazy\" width=\"1080\" height=\"1080\" src=\"https:\/\/www.ifbaiano.edu.br\/unidades\/lapa\/files\/2021\/09\/programacao-08_2.jpeg\" alt=\"\" data-id=\"20938\" data-full-url=\"https:\/\/www.ifbaiano.edu.br\/unidades\/lapa\/files\/2021\/09\/programacao-08_2.jpeg\" data-link=\"https:\/\/www.ifbaiano.edu.br\/unidades\/lapa\/programacao-08_2\/\" class=\"wp-image-20938\" \/><\/figure><\/li><li class=\"blocks-gallery-item\"><figure><img decoding=\"async\" loading=\"lazy\" width=\"1080\" height=\"1080\" src=\"https:\/\/www.ifbaiano.edu.br\/unidades\/lapa\/files\/2021\/09\/programacao-09_tarde.jpeg\" alt=\"\" data-id=\"20935\" data-full-url=\"https:\/\/www.ifbaiano.edu.br\/unidades\/lapa\/files\/2021\/09\/programacao-09_tarde.jpeg\" data-link=\"https:\/\/www.ifbaiano.edu.br\/unidades\/lapa\/programacao-09_tarde\/\" class=\"wp-image-20935\" \/><\/figure><\/li><li class=\"blocks-gallery-item\"><figure><img decoding=\"async\" loading=\"lazy\" width=\"1080\" height=\"1080\" src=\"https:\/\/www.ifbaiano.edu.br\/unidades\/lapa\/files\/2021\/09\/programacao-09_noite.jpeg\" alt=\"\" data-id=\"20934\" data-full-url=\"https:\/\/www.ifbaiano.edu.br\/unidades\/lapa\/files\/2021\/09\/programacao-09_noite.jpeg\" data-link=\"https:\/\/www.ifbaiano.edu.br\/unidades\/lapa\/programacao-09_noite\/\" class=\"wp-image-20934\" \/><\/figure><\/li><li class=\"blocks-gallery-item\"><figure><img decoding=\"async\" loading=\"lazy\" width=\"1080\" height=\"1080\" src=\"https:\/\/www.ifbaiano.edu.br\/unidades\/lapa\/files\/2021\/09\/programacao-10_noite.jpeg\" alt=\"\" data-id=\"20937\" data-full-url=\"https:\/\/www.ifbaiano.edu.br\/unidades\/lapa\/files\/2021\/09\/programacao-10_noite.jpeg\" data-link=\"https:\/\/www.ifbaiano.edu.br\/unidades\/lapa\/programacao-10_noite\/\" class=\"wp-image-20937\" \/><\/figure><\/li><\/ul><\/figure>\n","protected":false},"excerpt":{"rendered":"<p>Prezada comunidade, tornamos p\u00fablica a programa\u00e7\u00e3o do Simp\u00f3sio Interdisciplinar de Meio Ambiente do Territ\u00f3rio Velho Chico. Abaixo, o link para acompanhar as atividades de cada dia da programa\u00e7\u00e3o do evento. Lembrando que, para cada dia, h\u00e1 um link espec\u00edfico, no qual poder\u00e1 ser acompanhado o evento: Dia: 08\/09 \u2013 19 Horas Abertura e Mesa Redonda: [&hellip;]<\/p>\n","protected":false},"author":100,"featured_media":20882,"comment_status":"open","ping_status":"open","sticky":false,"template":"","format":"standard","meta":[],"categories":[64,24,40,65],"tags":[],"_links":{"self":[{"href":"https:\/\/www.ifbaiano.edu.br\/unidades\/lapa\/wp-json\/wp\/v2\/posts\/20939"}],"collection":[{"href":"https:\/\/www.ifbaiano.edu.br\/unidades\/lapa\/wp-json\/wp\/v2\/posts"}],"about":[{"href":"https:\/\/www.ifbaiano.edu.br\/unidades\/lapa\/wp-json\/wp\/v2\/types\/post"}],"author":[{"embeddable":true,"href":"https:\/\/www.ifbaiano.edu.br\/unidades\/lapa\/wp-json\/wp\/v2\/users\/100"}],"replies":[{"embeddable":true,"href":"https:\/\/www.ifbaiano.edu.br\/unidades\/lapa\/wp-json\/wp\/v2\/comments?post=20939"}],"version-history":[{"count":8,"href":"https:\/\/www.ifbaiano.edu.br\/unidades\/lapa\/wp-json\/wp\/v2\/posts\/20939\/revisions"}],"predecessor-version":[{"id":20948,"href":"https:\/\/www.ifbaiano.edu.br\/unidades\/lapa\/wp-json\/wp\/v2\/posts\/20939\/revisions\/20948"}],"wp:featuredmedia":[{"embeddable":true,"href":"https:\/\/www.ifbaiano.edu.br\/unidades\/lapa\/wp-json\/wp\/v2\/media\/20882"}],"wp:attachment":[{"href":"https:\/\/www.ifbaiano.edu.br\/unidades\/lapa\/wp-json\/wp\/v2\/media?parent=20939"}],"wp:term":[{"taxonomy":"category","embeddable":true,"href":"https:\/\/www.ifbaiano.edu.br\/unidades\/lapa\/wp-json\/wp\/v2\/categories?post=20939"},{"taxonomy":"post_tag","embeddable":true,"href":"https:\/\/www.ifbaiano.edu.br\/unidades\/lapa\/wp-json\/wp\/v2\/tags?post=20939"}],"curies":[{"name":"wp","href":"https:\/\/api.w.org\/{rel}","templated":true}]}}