{"id":20990,"date":"2021-09-08T17:08:45","date_gmt":"2021-09-08T20:08:45","guid":{"rendered":"https:\/\/www.ifbaiano.edu.br\/unidades\/lapa\/?p=20990"},"modified":"2021-09-08T17:11:34","modified_gmt":"2021-09-08T20:11:34","slug":"rematricula-dos-cursos-tecnicos-subsequente-2021-1","status":"publish","type":"post","link":"https:\/\/www.ifbaiano.edu.br\/unidades\/lapa\/2021\/09\/08\/rematricula-dos-cursos-tecnicos-subsequente-2021-1\/","title":{"rendered":"Rematr\u00edcula dos Cursos T\u00e9cnicos Subsequente 2021.1"},"content":{"rendered":"\n<p align=\"justify\">A Secretaria de Registros Acad\u00eamicos do IF Baiano Bom Jesus da Lapa informa aos discentes dos Cursos T\u00e9cnicos Subsequentes (Agricultura e Inform\u00e1tica) que estar\u00e3o abertas, nos dias 09 e 10 de setembro, as rematr\u00edculas pelo SUAP (Sistema Unificado de Administra\u00e7\u00e3o P\u00fablica) para as disciplinas ofertadas no semestre letivo de 2021.1<\/p>\n\n\n\n<p align=\"justify\">Para realizar a rematr\u00edcula, o estudante deve acessar o SUAP \u2013 IF Baiano, no endere\u00e7o: <a href=\"https:\/\/suap.ifbaiano.edu.br\/\">https:\/\/suap.ifbaiano.edu.br\/<\/a>, informando seu <span style=\"text-transform:uppercase\">login<\/span> e <span style=\"text-transform:uppercase\">senha<\/span>. No sistema estar\u00e1 dispon\u00edvel um \u00edcone que encaminhar\u00e1 o usu\u00e1rio para a rematr\u00edcula online.<\/p>\n\n\n\n<p align=\"justify\">Para maiores informa\u00e7\u00f5es, consultar a Secretaria de Registros Acad\u00eamicos (SRA) pelo contato: sra@lapa.ifbaiano.edu.br<\/p>\n\n\n\n<figure class=\"wp-block-image size-full\"><img decoding=\"async\" loading=\"lazy\" width=\"463\" height=\"649\" src=\"https:\/\/www.ifbaiano.edu.br\/unidades\/lapa\/files\/2021\/09\/rematricula-subsequente-2021-1.jpeg\" alt=\"\" class=\"wp-image-20993\" \/><\/figure>\n","protected":false},"excerpt":{"rendered":"<p>A Secretaria de Registros Acad\u00eamicos do IF Baiano Bom Jesus da Lapa informa aos discentes dos Cursos T\u00e9cnicos Subsequentes (Agricultura e Inform\u00e1tica) que estar\u00e3o abertas, nos dias 09 e 10 de setembro, as rematr\u00edculas pelo SUAP (Sistema Unificado de Administra\u00e7\u00e3o P\u00fablica) para as disciplinas ofertadas no semestre letivo de 2021.1 Para realizar a rematr\u00edcula, o [&hellip;]<\/p>\n","protected":false},"author":100,"featured_media":20993,"comment_status":"open","ping_status":"open","sticky":false,"template":"","format":"standard","meta":[],"categories":[64,39,24,69,65],"tags":[],"_links":{"self":[{"href":"https:\/\/www.ifbaiano.edu.br\/unidades\/lapa\/wp-json\/wp\/v2\/posts\/20990"}],"collection":[{"href":"https:\/\/www.ifbaiano.edu.br\/unidades\/lapa\/wp-json\/wp\/v2\/posts"}],"about":[{"href":"https:\/\/www.ifbaiano.edu.br\/unidades\/lapa\/wp-json\/wp\/v2\/types\/post"}],"author":[{"embeddable":true,"href":"https:\/\/www.ifbaiano.edu.br\/unidades\/lapa\/wp-json\/wp\/v2\/users\/100"}],"replies":[{"embeddable":true,"href":"https:\/\/www.ifbaiano.edu.br\/unidades\/lapa\/wp-json\/wp\/v2\/comments?post=20990"}],"version-history":[{"count":5,"href":"https:\/\/www.ifbaiano.edu.br\/unidades\/lapa\/wp-json\/wp\/v2\/posts\/20990\/revisions"}],"predecessor-version":[{"id":20997,"href":"https:\/\/www.ifbaiano.edu.br\/unidades\/lapa\/wp-json\/wp\/v2\/posts\/20990\/revisions\/20997"}],"wp:featuredmedia":[{"embeddable":true,"href":"https:\/\/www.ifbaiano.edu.br\/unidades\/lapa\/wp-json\/wp\/v2\/media\/20993"}],"wp:attachment":[{"href":"https:\/\/www.ifbaiano.edu.br\/unidades\/lapa\/wp-json\/wp\/v2\/media?parent=20990"}],"wp:term":[{"taxonomy":"category","embeddable":true,"href":"https:\/\/www.ifbaiano.edu.br\/unidades\/lapa\/wp-json\/wp\/v2\/categories?post=20990"},{"taxonomy":"post_tag","embeddable":true,"href":"https:\/\/www.ifbaiano.edu.br\/unidades\/lapa\/wp-json\/wp\/v2\/tags?post=20990"}],"curies":[{"name":"wp","href":"https:\/\/api.w.org\/{rel}","templated":true}]}}