{"id":20998,"date":"2021-09-08T18:15:38","date_gmt":"2021-09-08T21:15:38","guid":{"rendered":"https:\/\/www.ifbaiano.edu.br\/unidades\/lapa\/?p=20998"},"modified":"2021-09-08T18:15:39","modified_gmt":"2021-09-08T21:15:39","slug":"iii-simposio-sobre-educacao-inclusiva-no-territorio-do-velho-chico-2","status":"publish","type":"post","link":"https:\/\/www.ifbaiano.edu.br\/unidades\/lapa\/2021\/09\/08\/iii-simposio-sobre-educacao-inclusiva-no-territorio-do-velho-chico-2\/","title":{"rendered":"III Simp\u00f3sio sobre Educa\u00e7\u00e3o Inclusiva no Territ\u00f3rio do Velho Chico"},"content":{"rendered":"\n<p align=\"justify\">III Simp\u00f3sio sobre Educa\u00e7\u00e3o Inclusiva no Territ\u00f3rio do Velho Chico: <span style=\"text-transform:uppercase\">o protagonismo da pessoa com defici\u00eancia<\/span>.<\/p><p align=\"justify\">Programa\u00e7\u00e3o dos dias 21 e\u00a022 de setembro.<\/p>\n\n\n\n<figure class=\"wp-block-image size-full\"><img decoding=\"async\" loading=\"lazy\" width=\"1138\" height=\"1280\" src=\"https:\/\/www.ifbaiano.edu.br\/unidades\/lapa\/files\/2021\/09\/Card-programacao-dia-21-setembro.jpeg\" alt=\"\" class=\"wp-image-21002\" \/><\/figure>\n\n\n\n<p align=\"justify\">Descri\u00e7\u00e3o do Card dia 21\/09<br>Card na cor branca, nas laterais semic\u00edrculos formados com m\u00e3os coloridas.<br>\nNa parte superior, \u00e0 esquerda: S\u00edmbolo do N\u00facleo de Atendimento \u00e0s Pessoas com Necessidades Espec\u00edficas (NAPNE), logomarca do IF Baiano \u2013 Campus Lapa; no centro, T\u00edtulo em letras grandes e azul: Oficinas; \u00e0 direita, pequeno c\u00edrculo oval em azul e dentro escrito em branco: 21\/09. Abaixo, centralizado, escrito em caixa alta na cor azul: das 09h30 \u00e0s 11h30. Logo abaixo faixa amarela escrito no centro em azul: A comunica\u00e7\u00e3o a partir da po\u00e9tica da literatura de cordel.<br>No centro, \u00e0 esquerda, foto em formato retangular de um Homem de pele branca, cabelos castanhos, parcialmente calvo, usa \u00f3culos retangulares, um palit\u00f3 preto com camisa social branca por baixo, gravata azul e com microfone junto a boca. \u00c0 direita da foto, escrito em azul: convidado: Edisv\u00e2nio Nascimento (Pessoa com baixa vis\u00e3o), em caixa alta: Comunic\u00f3logo e Mestre em Cr\u00edtica Cultural; Poeta; Cordelista e escritor. Abaixo, mediadores: \u00c9rico Fran\u00e7a, em caixa alta: Professor e Coordenador de Ensino do IF Baiano \u2013 Campus Lapa. Aline Soares, em caixa alta: Psic\u00f3loga do IF Baiano \u2013 Campus Lapa.<br>Na parte inferior, centralizado em caixa alta na cor azul: das 14h00 \u00e0s 16h00. Abaixo, faixa amarela escrito no centro em azul: Tecnologias Assistivas: utilizando leitores de tela para smartphones. Logo abaixo \u00e0 esquerda, Convidado: Ivanilton Portela Le\u00e3o (Pessoa Cega), em caixa alta: Pedagogo; Professor de sala de recursos; Coordenador da Educa\u00e7\u00e3o Especial do Munic\u00edpio de Jaboat\u00e3o dos Guararapes \u2013 PE; Consultor em Audiodescri\u00e7\u00e3o e Revisor Braille. Abaixo, Mediadores: Wilson Neto, em caixa alta: Coordenador do NAPNE e Revisor de Texto Braille do IF Baiano \u2013 Campus Lapa. Luciana Amorim, em caixa alta: Pedagoga do IF Baiano \u2013 Campus Lapa. \u00c0 direita das informa\u00e7\u00f5es, foto no formato retangular de um Homem de pele branca, cabelos pretos, usa \u00f3culos escuros, camisa social cinza, est\u00e1 sentado usando o notebook sobre a mesa.<\/p>\n\n\n\n<figure class=\"wp-block-image size-full\"><img decoding=\"async\" loading=\"lazy\" width=\"1136\" height=\"1280\" src=\"https:\/\/www.ifbaiano.edu.br\/unidades\/lapa\/files\/2021\/09\/Card-programacao-dia-22-de-setembro.jpeg\" alt=\"\" class=\"wp-image-21005\" \/><\/figure>\n\n\n\n<p align=\"justify\">Descri\u00e7\u00e3o do Card dia 22\/09<br>Card na cor branca, nas laterais semic\u00edrculos formados com m\u00e3os coloridas.<br>Na parte superior, \u00e0 esquerda: S\u00edmbolo do N\u00facleo de Atendimento \u00e0s Pessoas com Necessidades Espec\u00edficas (NAPNE), logomarca do IF Baiano \u2013 Campus Lapa; no centro, T\u00edtulo em letras grandes e azul: Minicurso e Oficinas; \u00e0 direita, pequeno c\u00edrculo oval em azul e dentro escrito em branco: 22\/09. Abaixo, centralizado, escrito em caixa alta na cor azul: das 09h30 \u00e0s 11h30. Logo abaixo faixa amarela escrito no centro em azul: Introdu\u00e7\u00e3o \u00e0 Libras.<br>No centro, \u00e0 esquerda, foto no formato retangular em primeiro plano de uma Mulher de pele parda, cabelos pretos e cacheados sobre os ombros e usa uma blusa branca. \u00c0 direita da foto, escrito em azul: convidada: Celiane Dias (Pessoa com Surdez), em caixa alta: Graduanda em Engenharia Agron\u00f4mica no IF Baiano \u2013 Campus Lapa. Abaixo, mediadores e Interpretes: Luciana Cardial, em caixa alta: IF Baiano \u2013 Campus Lapa. Ivonete Santos, em caixa alta: IF Baiano \u2013 Campus Lapa.<br>Na parte inferior, centralizado em caixa alta na cor azul: das 14h00 \u00e0s 16h00. Abaixo, faixa amarela escrito no centro em azul: Facilite o seu dia a dia usando apenas o seu celular. Logo abaixo \u00e0 esquerda, Convidado: Vanglebson Oliveira (Pessoa com paraplegia), em caixa alta: Empres\u00e1rio; Gestor da Valente Gr\u00e1fica; Desenvolvedor de cursos online sobre Empreendedorismo e Recursos Digitais. Abaixo, Mediadores: Jos\u00e9 Eduardo Barbosa, em caixa alta: Professor e Coordenador do curso de Agricultura Integrado do IF Baiano \u2013 Campus Lapa. Simone Velame, em caixa alta: Bibliotec\u00e1ria do IF Baiano \u2013 Campus Lapa. \u00c0 direita das informa\u00e7\u00f5es, foto no formato retangular de um Homem de pele branca, cabelos pretos, usa uma camisa na cor vinho, est\u00e1 segurando um celular com a m\u00e3o esquerda e com o indicador da m\u00e3o direita apontando para o mesmo.<\/p>\n","protected":false},"excerpt":{"rendered":"<p>III Simp\u00f3sio sobre Educa\u00e7\u00e3o Inclusiva no Territ\u00f3rio do Velho Chico: o protagonismo da pessoa com defici\u00eancia. Programa\u00e7\u00e3o dos dias 21 e\u00a022 de setembro. Descri\u00e7\u00e3o do Card dia 21\/09Card na cor branca, nas laterais semic\u00edrculos formados com m\u00e3os coloridas. Na parte superior, \u00e0 esquerda: S\u00edmbolo do N\u00facleo de Atendimento \u00e0s Pessoas com Necessidades Espec\u00edficas (NAPNE), logomarca [&hellip;]<\/p>\n","protected":false},"author":100,"featured_media":21002,"comment_status":"open","ping_status":"open","sticky":false,"template":"","format":"standard","meta":[],"categories":[64,24,65],"tags":[],"_links":{"self":[{"href":"https:\/\/www.ifbaiano.edu.br\/unidades\/lapa\/wp-json\/wp\/v2\/posts\/20998"}],"collection":[{"href":"https:\/\/www.ifbaiano.edu.br\/unidades\/lapa\/wp-json\/wp\/v2\/posts"}],"about":[{"href":"https:\/\/www.ifbaiano.edu.br\/unidades\/lapa\/wp-json\/wp\/v2\/types\/post"}],"author":[{"embeddable":true,"href":"https:\/\/www.ifbaiano.edu.br\/unidades\/lapa\/wp-json\/wp\/v2\/users\/100"}],"replies":[{"embeddable":true,"href":"https:\/\/www.ifbaiano.edu.br\/unidades\/lapa\/wp-json\/wp\/v2\/comments?post=20998"}],"version-history":[{"count":6,"href":"https:\/\/www.ifbaiano.edu.br\/unidades\/lapa\/wp-json\/wp\/v2\/posts\/20998\/revisions"}],"predecessor-version":[{"id":21006,"href":"https:\/\/www.ifbaiano.edu.br\/unidades\/lapa\/wp-json\/wp\/v2\/posts\/20998\/revisions\/21006"}],"wp:featuredmedia":[{"embeddable":true,"href":"https:\/\/www.ifbaiano.edu.br\/unidades\/lapa\/wp-json\/wp\/v2\/media\/21002"}],"wp:attachment":[{"href":"https:\/\/www.ifbaiano.edu.br\/unidades\/lapa\/wp-json\/wp\/v2\/media?parent=20998"}],"wp:term":[{"taxonomy":"category","embeddable":true,"href":"https:\/\/www.ifbaiano.edu.br\/unidades\/lapa\/wp-json\/wp\/v2\/categories?post=20998"},{"taxonomy":"post_tag","embeddable":true,"href":"https:\/\/www.ifbaiano.edu.br\/unidades\/lapa\/wp-json\/wp\/v2\/tags?post=20998"}],"curies":[{"name":"wp","href":"https:\/\/api.w.org\/{rel}","templated":true}]}}