{"id":21076,"date":"2021-09-16T10:01:09","date_gmt":"2021-09-16T13:01:09","guid":{"rendered":"https:\/\/www.ifbaiano.edu.br\/unidades\/lapa\/?p=21076"},"modified":"2021-09-16T10:01:09","modified_gmt":"2021-09-16T13:01:09","slug":"quarta-chamada-e-lista-complementar-sisu-2021-2","status":"publish","type":"post","link":"https:\/\/www.ifbaiano.edu.br\/unidades\/lapa\/2021\/09\/16\/quarta-chamada-e-lista-complementar-sisu-2021-2\/","title":{"rendered":"Quarta chamada e Lista Complementar &#8211; SiSU 2021.2"},"content":{"rendered":"\n<p align=\"justify\">Quarta chamada e Lista Complementar &#8211; Classificados nas Vagas Excedentes do Curso de Engenharia Agron\u00f4mica &#8211; SiSU 2021.2<\/p>\n<p align=\"justify\">Mais informa\u00e7\u00f5es acesse a <a href=\"https:\/\/concurso.ifbaiano.edu.br\/portal\/sisu2021-2\/\" target=\"_blank\" rel=\"noopener\">p\u00e1gina do edital (site externo, abre e nova aba)<\/a>.<\/p>\n\n\n\n<figure class=\"wp-block-image size-full\"><img decoding=\"async\" loading=\"lazy\" width=\"596\" height=\"603\" src=\"https:\/\/www.ifbaiano.edu.br\/unidades\/lapa\/files\/2021\/09\/4-chamada-sisu-2021-2.jpeg\" alt=\"\" class=\"wp-image-21077\" \/><\/figure>\n","protected":false},"excerpt":{"rendered":"<p>Quarta chamada e Lista Complementar &#8211; Classificados nas Vagas Excedentes do Curso de Engenharia Agron\u00f4mica &#8211; SiSU 2021.2 Mais informa\u00e7\u00f5es acesse a p\u00e1gina do edital (site externo, abre e nova aba).<\/p>\n","protected":false},"author":100,"featured_media":21077,"comment_status":"open","ping_status":"open","sticky":false,"template":"","format":"standard","meta":[],"categories":[34,64,113,24,70,65],"tags":[],"_links":{"self":[{"href":"https:\/\/www.ifbaiano.edu.br\/unidades\/lapa\/wp-json\/wp\/v2\/posts\/21076"}],"collection":[{"href":"https:\/\/www.ifbaiano.edu.br\/unidades\/lapa\/wp-json\/wp\/v2\/posts"}],"about":[{"href":"https:\/\/www.ifbaiano.edu.br\/unidades\/lapa\/wp-json\/wp\/v2\/types\/post"}],"author":[{"embeddable":true,"href":"https:\/\/www.ifbaiano.edu.br\/unidades\/lapa\/wp-json\/wp\/v2\/users\/100"}],"replies":[{"embeddable":true,"href":"https:\/\/www.ifbaiano.edu.br\/unidades\/lapa\/wp-json\/wp\/v2\/comments?post=21076"}],"version-history":[{"count":2,"href":"https:\/\/www.ifbaiano.edu.br\/unidades\/lapa\/wp-json\/wp\/v2\/posts\/21076\/revisions"}],"predecessor-version":[{"id":21079,"href":"https:\/\/www.ifbaiano.edu.br\/unidades\/lapa\/wp-json\/wp\/v2\/posts\/21076\/revisions\/21079"}],"wp:featuredmedia":[{"embeddable":true,"href":"https:\/\/www.ifbaiano.edu.br\/unidades\/lapa\/wp-json\/wp\/v2\/media\/21077"}],"wp:attachment":[{"href":"https:\/\/www.ifbaiano.edu.br\/unidades\/lapa\/wp-json\/wp\/v2\/media?parent=21076"}],"wp:term":[{"taxonomy":"category","embeddable":true,"href":"https:\/\/www.ifbaiano.edu.br\/unidades\/lapa\/wp-json\/wp\/v2\/categories?post=21076"},{"taxonomy":"post_tag","embeddable":true,"href":"https:\/\/www.ifbaiano.edu.br\/unidades\/lapa\/wp-json\/wp\/v2\/tags?post=21076"}],"curies":[{"name":"wp","href":"https:\/\/api.w.org\/{rel}","templated":true}]}}