{"id":21080,"date":"2021-09-16T19:58:56","date_gmt":"2021-09-16T22:58:56","guid":{"rendered":"https:\/\/www.ifbaiano.edu.br\/unidades\/lapa\/?p=21080"},"modified":"2021-09-16T19:59:24","modified_gmt":"2021-09-16T22:59:24","slug":"regularizacao-das-matriculas-dos-cursos-tecnicos-subsequentesagricultura-e-informatica-turmas-2017-1-e-2018-2","status":"publish","type":"post","link":"https:\/\/www.ifbaiano.edu.br\/unidades\/lapa\/2021\/09\/16\/regularizacao-das-matriculas-dos-cursos-tecnicos-subsequentesagricultura-e-informatica-turmas-2017-1-e-2018-2\/","title":{"rendered":"Regulariza\u00e7\u00e3o das Matr\u00edculas dos Cursos T\u00e9cnicos Subsequentes (Agricultura e Inform\u00e1tica) &#8211; Turmas 2017.1 e 2018.2"},"content":{"rendered":"\n<p align=\"justify\">A Secretaria de Registros Acad\u00eamicos do IF Baiano Bom Jesus da Lapa informa aos discentes dos Cursos T\u00e9cnicos Subsequentes (Agricultura e Inform\u00e1tica) que estar\u00e3o abertas, nos dias 16 a 18 de setembro, a regulariza\u00e7\u00e3o das matriculas dos alunos dos cursos T\u00e9cnicos Subsequentes &#8211; Turmas 2017.1 e 2018.2.<\/p>\n\n\n\n<p align=\"justify\"><a href=\"https:\/\/docs.google.com\/forms\/d\/1D2tmKfYNltwGZlpQWLFXGY6scXzcLIvgeTuKwRmkIwY\/edit\" target=\"_blank\" rel=\"noopener\">Formul\u00e1rio de rematr\u00edcula (site externo, abre em nova aba)<\/a><\/p>\n","protected":false},"excerpt":{"rendered":"<p>A Secretaria de Registros Acad\u00eamicos do IF Baiano Bom Jesus da Lapa informa aos discentes dos Cursos T\u00e9cnicos Subsequentes (Agricultura e Inform\u00e1tica) que estar\u00e3o abertas, nos dias 16 a 18 de setembro, a regulariza\u00e7\u00e3o das matriculas dos alunos dos cursos T\u00e9cnicos Subsequentes &#8211; Turmas 2017.1 e 2018.2. Formul\u00e1rio de rematr\u00edcula (site externo, abre em nova [&hellip;]<\/p>\n","protected":false},"author":100,"featured_media":21081,"comment_status":"open","ping_status":"open","sticky":false,"template":"","format":"standard","meta":[],"categories":[64,24,69,65],"tags":[],"_links":{"self":[{"href":"https:\/\/www.ifbaiano.edu.br\/unidades\/lapa\/wp-json\/wp\/v2\/posts\/21080"}],"collection":[{"href":"https:\/\/www.ifbaiano.edu.br\/unidades\/lapa\/wp-json\/wp\/v2\/posts"}],"about":[{"href":"https:\/\/www.ifbaiano.edu.br\/unidades\/lapa\/wp-json\/wp\/v2\/types\/post"}],"author":[{"embeddable":true,"href":"https:\/\/www.ifbaiano.edu.br\/unidades\/lapa\/wp-json\/wp\/v2\/users\/100"}],"replies":[{"embeddable":true,"href":"https:\/\/www.ifbaiano.edu.br\/unidades\/lapa\/wp-json\/wp\/v2\/comments?post=21080"}],"version-history":[{"count":2,"href":"https:\/\/www.ifbaiano.edu.br\/unidades\/lapa\/wp-json\/wp\/v2\/posts\/21080\/revisions"}],"predecessor-version":[{"id":21083,"href":"https:\/\/www.ifbaiano.edu.br\/unidades\/lapa\/wp-json\/wp\/v2\/posts\/21080\/revisions\/21083"}],"wp:featuredmedia":[{"embeddable":true,"href":"https:\/\/www.ifbaiano.edu.br\/unidades\/lapa\/wp-json\/wp\/v2\/media\/21081"}],"wp:attachment":[{"href":"https:\/\/www.ifbaiano.edu.br\/unidades\/lapa\/wp-json\/wp\/v2\/media?parent=21080"}],"wp:term":[{"taxonomy":"category","embeddable":true,"href":"https:\/\/www.ifbaiano.edu.br\/unidades\/lapa\/wp-json\/wp\/v2\/categories?post=21080"},{"taxonomy":"post_tag","embeddable":true,"href":"https:\/\/www.ifbaiano.edu.br\/unidades\/lapa\/wp-json\/wp\/v2\/tags?post=21080"}],"curies":[{"name":"wp","href":"https:\/\/api.w.org\/{rel}","templated":true}]}}