{"id":21084,"date":"2021-09-17T09:49:34","date_gmt":"2021-09-17T12:49:34","guid":{"rendered":"https:\/\/www.ifbaiano.edu.br\/unidades\/lapa\/?p=21084"},"modified":"2021-09-17T09:49:35","modified_gmt":"2021-09-17T12:49:35","slug":"semana-de-acolhimento-turmas-dos-cursos-subsequentes","status":"publish","type":"post","link":"https:\/\/www.ifbaiano.edu.br\/unidades\/lapa\/2021\/09\/17\/semana-de-acolhimento-turmas-dos-cursos-subsequentes\/","title":{"rendered":"Semana de Acolhimento \u2013 Turmas dos Cursos Subsequentes"},"content":{"rendered":"\n<p align=\"justify\">Dire\u00e7\u00e3o-Acad\u00eamica do IF Baiano <em>Campus<\/em> Bom Jesus da Lapa torna p\u00fablica a programa\u00e7\u00e3o da semana de integra\u00e7\u00e3o, voltada para acolher os alunos dos cursos subsequentes do ano letivo 2021.<\/p>\n\n\n\n<p align=\"justify\">As transmiss\u00f5es ser\u00e3o realizadas atrav\u00e9s do <em>Youtube<\/em> do <em>Campus<\/em> e na plataforma RNP, conforme links disponibilizados abaixo:<\/p>\n\n\n\n<p align=\"justify\"><a href=\"https:\/\/youtu.be\/8OfofX6F_xU\" target=\"_blank\" rel=\"noreferrer noopener\">Dia 20\/09\/2021 das 14h \u00e0s 16h &#8211; DG, DA, CAE e CE (site externo, abre em nova aba)<\/a><\/p>\n\n\n\n<p align=\"justify\"><a href=\"https:\/\/conferenciaweb.rnp.br\/webconf\/alex-leal-de-oliveira\" data-type=\"URL\" data-id=\"https:\/\/conferenciaweb.rnp.br\/webconf\/alex-leal-de-oliveira\" target=\"_blank\" rel=\"noreferrer noopener\">Dia 21\/09\/2021 das 14h \u00e0s 16h &#8211; SRA e NGTI (site externo, abre em nova aba)<\/a><\/p>\n\n\n\n<p align=\"justify\"><a href=\"https:\/\/conferenciaweb.rnp.br\/webconf\/alex-leal-de-oliveira\" data-type=\"URL\" data-id=\"https:\/\/conferenciaweb.rnp.br\/webconf\/alex-leal-de-oliveira\" target=\"_blank\" rel=\"noreferrer noopener\">Dia 22\/09\/2021 das 14 \u00e0s 16h &#8211; Coord. Curso e Ass. Pedag\u00f3gica (site externo, abre em nova aba)<\/a><\/p>\n\n\n\n<p align=\"justify\">Durante a semana de acolhimento os estudantes ter\u00e3o oportunidade de conhecer um pouco mais sobre os cursos ofertados, infraestrutura da escola, os programas de assist\u00eancia estudantil, ambiente virtual de aprendizagem e as outras a\u00e7\u00f5es vinculadas as atividades acad\u00eamicas e administrativas institucionais.<\/p>\n\n\n\n<p align=\"justify\">Acompanhe Nossa Programa\u00e7\u00e3o abaixo:<\/p>\n\n\n\n<figure class=\"wp-block-image size-full\"><img decoding=\"async\" loading=\"lazy\" width=\"1080\" height=\"1080\" src=\"https:\/\/www.ifbaiano.edu.br\/unidades\/lapa\/files\/2021\/09\/programacao-semana-acolhimento-subsequente-2021.jpeg\" alt=\"\" class=\"wp-image-21085\" \/><\/figure>\n","protected":false},"excerpt":{"rendered":"<p>Dire\u00e7\u00e3o-Acad\u00eamica do IF Baiano Campus Bom Jesus da Lapa torna p\u00fablica a programa\u00e7\u00e3o da semana de integra\u00e7\u00e3o, voltada para acolher os alunos dos cursos subsequentes do ano letivo 2021. As transmiss\u00f5es ser\u00e3o realizadas atrav\u00e9s do Youtube do Campus e na plataforma RNP, conforme links disponibilizados abaixo: Dia 20\/09\/2021 das 14h \u00e0s 16h &#8211; DG, DA, [&hellip;]<\/p>\n","protected":false},"author":100,"featured_media":21085,"comment_status":"open","ping_status":"open","sticky":false,"template":"","format":"standard","meta":[],"categories":[32,41,64,39,24,55,69,65],"tags":[],"_links":{"self":[{"href":"https:\/\/www.ifbaiano.edu.br\/unidades\/lapa\/wp-json\/wp\/v2\/posts\/21084"}],"collection":[{"href":"https:\/\/www.ifbaiano.edu.br\/unidades\/lapa\/wp-json\/wp\/v2\/posts"}],"about":[{"href":"https:\/\/www.ifbaiano.edu.br\/unidades\/lapa\/wp-json\/wp\/v2\/types\/post"}],"author":[{"embeddable":true,"href":"https:\/\/www.ifbaiano.edu.br\/unidades\/lapa\/wp-json\/wp\/v2\/users\/100"}],"replies":[{"embeddable":true,"href":"https:\/\/www.ifbaiano.edu.br\/unidades\/lapa\/wp-json\/wp\/v2\/comments?post=21084"}],"version-history":[{"count":3,"href":"https:\/\/www.ifbaiano.edu.br\/unidades\/lapa\/wp-json\/wp\/v2\/posts\/21084\/revisions"}],"predecessor-version":[{"id":21088,"href":"https:\/\/www.ifbaiano.edu.br\/unidades\/lapa\/wp-json\/wp\/v2\/posts\/21084\/revisions\/21088"}],"wp:featuredmedia":[{"embeddable":true,"href":"https:\/\/www.ifbaiano.edu.br\/unidades\/lapa\/wp-json\/wp\/v2\/media\/21085"}],"wp:attachment":[{"href":"https:\/\/www.ifbaiano.edu.br\/unidades\/lapa\/wp-json\/wp\/v2\/media?parent=21084"}],"wp:term":[{"taxonomy":"category","embeddable":true,"href":"https:\/\/www.ifbaiano.edu.br\/unidades\/lapa\/wp-json\/wp\/v2\/categories?post=21084"},{"taxonomy":"post_tag","embeddable":true,"href":"https:\/\/www.ifbaiano.edu.br\/unidades\/lapa\/wp-json\/wp\/v2\/tags?post=21084"}],"curies":[{"name":"wp","href":"https:\/\/api.w.org\/{rel}","templated":true}]}}