{"id":21089,"date":"2021-09-17T13:48:40","date_gmt":"2021-09-17T16:48:40","guid":{"rendered":"https:\/\/www.ifbaiano.edu.br\/unidades\/lapa\/?p=21089"},"modified":"2021-09-17T18:06:17","modified_gmt":"2021-09-17T21:06:17","slug":"resultado-preliminar-edital-08-2021","status":"publish","type":"post","link":"https:\/\/www.ifbaiano.edu.br\/unidades\/lapa\/2021\/09\/17\/resultado-preliminar-edital-08-2021\/","title":{"rendered":"Resultado Preliminar da Sele\u00e7\u00e3o de Monitoria dos Cursos de Gradua\u00e7\u00e3o"},"content":{"rendered":"\n<p align=\"justify\">A Comiss\u00e3o de Sele\u00e7\u00e3o de Monitoria dos Cursos de Gradua\u00e7\u00e3o torna p\u00fablico o resultado preliminar do processo seletivo regido pelo Edital 08\/2021. Os candidatos poder\u00e3o interpor recurso ao resultado preliminar at\u00e9 o dia 20\/09\/2021, \u00e0s 23:59. O Resultado Final (p\u00f3s-recurso) ser\u00e1 publicado no dia 21\/09\/2021. Junto com o Resultado Final, ser\u00e1 divulgado o procedimento para assinatura dos Termos de Compromisso e Fichas de Cadastro, bem como a data da reuni\u00e3o de acolhida e orienta\u00e7\u00f5es aos monitores.<\/p>\n\n\n\n<p align=\"justify\"><a href=\"https:\/\/www.ifbaiano.edu.br\/unidades\/lapa\/files\/2021\/09\/resultado-preliminar-edital-8-2021.pdf\" target=\"_blank\" rel=\"noreferrer noopener\">Resultado Preliminar (documento pdf, abre em nova aba)<\/a><\/p>\n\n\n\n<p><p align=\"justify\"><a href=\"https:\/\/forms.gle\/ZX6TF1Hreghxv3bq5\" target=\"_blank\" rel=\"noreferrer noopener\">Submiss\u00e3o de recursos (site externo, abre em nova aba)<\/a><\/p><\/p>\n","protected":false},"excerpt":{"rendered":"<p>A Comiss\u00e3o de Sele\u00e7\u00e3o de Monitoria dos Cursos de Gradua\u00e7\u00e3o torna p\u00fablico o resultado preliminar do processo seletivo regido pelo Edital 08\/2021. Os candidatos poder\u00e3o interpor recurso ao resultado preliminar at\u00e9 o dia 20\/09\/2021, \u00e0s 23:59. O Resultado Final (p\u00f3s-recurso) ser\u00e1 publicado no dia 21\/09\/2021. Junto com o Resultado Final, ser\u00e1 divulgado o procedimento para [&hellip;]<\/p>\n","protected":false},"author":100,"featured_media":0,"comment_status":"open","ping_status":"open","sticky":false,"template":"","format":"standard","meta":[],"categories":[34,64,113,112,24,70,65],"tags":[],"_links":{"self":[{"href":"https:\/\/www.ifbaiano.edu.br\/unidades\/lapa\/wp-json\/wp\/v2\/posts\/21089"}],"collection":[{"href":"https:\/\/www.ifbaiano.edu.br\/unidades\/lapa\/wp-json\/wp\/v2\/posts"}],"about":[{"href":"https:\/\/www.ifbaiano.edu.br\/unidades\/lapa\/wp-json\/wp\/v2\/types\/post"}],"author":[{"embeddable":true,"href":"https:\/\/www.ifbaiano.edu.br\/unidades\/lapa\/wp-json\/wp\/v2\/users\/100"}],"replies":[{"embeddable":true,"href":"https:\/\/www.ifbaiano.edu.br\/unidades\/lapa\/wp-json\/wp\/v2\/comments?post=21089"}],"version-history":[{"count":4,"href":"https:\/\/www.ifbaiano.edu.br\/unidades\/lapa\/wp-json\/wp\/v2\/posts\/21089\/revisions"}],"predecessor-version":[{"id":21118,"href":"https:\/\/www.ifbaiano.edu.br\/unidades\/lapa\/wp-json\/wp\/v2\/posts\/21089\/revisions\/21118"}],"wp:attachment":[{"href":"https:\/\/www.ifbaiano.edu.br\/unidades\/lapa\/wp-json\/wp\/v2\/media?parent=21089"}],"wp:term":[{"taxonomy":"category","embeddable":true,"href":"https:\/\/www.ifbaiano.edu.br\/unidades\/lapa\/wp-json\/wp\/v2\/categories?post=21089"},{"taxonomy":"post_tag","embeddable":true,"href":"https:\/\/www.ifbaiano.edu.br\/unidades\/lapa\/wp-json\/wp\/v2\/tags?post=21089"}],"curies":[{"name":"wp","href":"https:\/\/api.w.org\/{rel}","templated":true}]}}