{"id":21108,"date":"2021-09-17T17:30:34","date_gmt":"2021-09-17T20:30:34","guid":{"rendered":"https:\/\/www.ifbaiano.edu.br\/unidades\/lapa\/?p=21108"},"modified":"2021-09-17T17:47:56","modified_gmt":"2021-09-17T20:47:56","slug":"resultado-preliminar-edital-09-2021","status":"publish","type":"post","link":"https:\/\/www.ifbaiano.edu.br\/unidades\/lapa\/2021\/09\/17\/resultado-preliminar-edital-09-2021\/","title":{"rendered":"Resultado Preliminar de Sele\u00e7\u00e3o de Monitoria Discente dos Cursos T\u00e9cnicos de N\u00edvel M\u00e9dio"},"content":{"rendered":"\n<p align=\"justify\">A Comiss\u00e3o de Sele\u00e7\u00e3o de Monitoria Discente dos Cursos T\u00e9cnicos de N\u00edvel M\u00e9dio torna p\u00fablico o resultado preliminar do processo seletivo regido pelo Edital 09\/2021. Os candidatos poder\u00e3o interpor recurso ao resultado preliminar at\u00e9 o dia 20\/09\/2021, \u00e0s 23:59. O Resultado Final (p\u00f3s-recurso) ser\u00e1 publicado no dia 22\/09\/2021. Junto com o Resultado Final, ser\u00e1 divulgado o procedimento para assinatura dos Termos de Compromisso e Fichas de Cadastro, bem como a data da reuni\u00e3o de acolhida e orienta\u00e7\u00f5es aos monitores.<\/p>\n\n\n\n<p align=\"justify\"><a href=\"https:\/\/www.ifbaiano.edu.br\/unidades\/lapa\/files\/2021\/09\/resultado-preliminar-edital-09-2021.pdf\" target=\"_blank\" rel=\"noreferrer noopener\">Resultado Preliminar Edital 09\/2021 (documento pdf, abre em nova aba)<\/a><\/p>\n","protected":false},"excerpt":{"rendered":"<p>A Comiss\u00e3o de Sele\u00e7\u00e3o de Monitoria Discente dos Cursos T\u00e9cnicos de N\u00edvel M\u00e9dio torna p\u00fablico o resultado preliminar do processo seletivo regido pelo Edital 09\/2021. Os candidatos poder\u00e3o interpor recurso ao resultado preliminar at\u00e9 o dia 20\/09\/2021, \u00e0s 23:59. O Resultado Final (p\u00f3s-recurso) ser\u00e1 publicado no dia 22\/09\/2021. Junto com o Resultado Final, ser\u00e1 divulgado [&hellip;]<\/p>\n","protected":false},"author":100,"featured_media":0,"comment_status":"open","ping_status":"open","sticky":false,"template":"","format":"standard","meta":[],"categories":[34,64,39,24,65],"tags":[],"_links":{"self":[{"href":"https:\/\/www.ifbaiano.edu.br\/unidades\/lapa\/wp-json\/wp\/v2\/posts\/21108"}],"collection":[{"href":"https:\/\/www.ifbaiano.edu.br\/unidades\/lapa\/wp-json\/wp\/v2\/posts"}],"about":[{"href":"https:\/\/www.ifbaiano.edu.br\/unidades\/lapa\/wp-json\/wp\/v2\/types\/post"}],"author":[{"embeddable":true,"href":"https:\/\/www.ifbaiano.edu.br\/unidades\/lapa\/wp-json\/wp\/v2\/users\/100"}],"replies":[{"embeddable":true,"href":"https:\/\/www.ifbaiano.edu.br\/unidades\/lapa\/wp-json\/wp\/v2\/comments?post=21108"}],"version-history":[{"count":4,"href":"https:\/\/www.ifbaiano.edu.br\/unidades\/lapa\/wp-json\/wp\/v2\/posts\/21108\/revisions"}],"predecessor-version":[{"id":21115,"href":"https:\/\/www.ifbaiano.edu.br\/unidades\/lapa\/wp-json\/wp\/v2\/posts\/21108\/revisions\/21115"}],"wp:attachment":[{"href":"https:\/\/www.ifbaiano.edu.br\/unidades\/lapa\/wp-json\/wp\/v2\/media?parent=21108"}],"wp:term":[{"taxonomy":"category","embeddable":true,"href":"https:\/\/www.ifbaiano.edu.br\/unidades\/lapa\/wp-json\/wp\/v2\/categories?post=21108"},{"taxonomy":"post_tag","embeddable":true,"href":"https:\/\/www.ifbaiano.edu.br\/unidades\/lapa\/wp-json\/wp\/v2\/tags?post=21108"}],"curies":[{"name":"wp","href":"https:\/\/api.w.org\/{rel}","templated":true}]}}