{"id":21120,"date":"2021-09-21T18:50:46","date_gmt":"2021-09-21T21:50:46","guid":{"rendered":"https:\/\/www.ifbaiano.edu.br\/unidades\/lapa\/?p=21120"},"modified":"2021-09-21T19:22:10","modified_gmt":"2021-09-21T22:22:10","slug":"resultado-final-edital-08-2021","status":"publish","type":"post","link":"https:\/\/www.ifbaiano.edu.br\/unidades\/lapa\/2021\/09\/21\/resultado-final-edital-08-2021\/","title":{"rendered":"Resultado Final da Monitoria dos Cursos de Gradua\u00e7\u00e3o &#8211; 2021.1"},"content":{"rendered":"\n<p align=\"justify\">A Comiss\u00e3o de Sele\u00e7\u00e3o de Monitoria dos Cursos de Gradua\u00e7\u00e3o torna p\u00fablico o resultado final do processo seletivo regido pelo Edital 08\/2021. Os candidatos aprovados ser\u00e3o contactados individualmente para assinatura dos Termos de Compromisso e preenchimento das Fichas de Cadastro de Monitores.<\/p>\n<p align=\"justify\">Considerando o Inciso III do item 4.1, os candidatos aprovados n\u00e3o poder\u00e3o \u201cusufruir de outro tipo de bolsa, exceto aquelas de car\u00e1ter assistencial.\u201d Caso o candidato aprovado se encontre nesta condi\u00e7\u00e3o, ele poder\u00e1 atuar como Monitor Volunt\u00e1rio, abrindo m\u00e3o do recebimento da bolsa. Nesta situa\u00e7\u00e3o, ser\u00e1 convocado(a) o(a) candidato(a) classificado na posi\u00e7\u00e3o subsequente.<\/p>\n<p align=\"justify\">Os candidatos aprovados e seus respectivos orientadores dever\u00e3o participar de uma reuni\u00e3o, no dia 24\/09\/2021, \u00e0s 14:00 horas, para a Forma\u00e7\u00e3o de Monitores e orienta\u00e7\u00f5es gerais sobre a etapa 2021.1. A reuni\u00e3o ser\u00e1 na seguinte sala: <a target=\"_blank\" href=\"https:\/\/conferenciaweb.rnp.br\/webconf\/elisa-eni-freitag\" rel=\"noreferrer noopener\">https:\/\/conferenciaweb.rnp.br\/webconf\/elisa-eni-freitag<\/a>.<\/p>\n<p align=\"justify\"><a href=\"https:\/\/www.ifbaiano.edu.br\/unidades\/lapa\/files\/2021\/09\/resultado-final-edital-08-2021.pdf\" target=\"_blank\" rel=\"noopener noreferrer\">Resultado Final (Documento pdf, abre em nova aba)<\/a><\/p>\n\n","protected":false},"excerpt":{"rendered":"<p>A Comiss\u00e3o de Sele\u00e7\u00e3o de Monitoria dos Cursos de Gradua\u00e7\u00e3o torna p\u00fablico o resultado final do processo seletivo regido pelo Edital 08\/2021. Os candidatos aprovados ser\u00e3o contactados individualmente para assinatura dos Termos de Compromisso e preenchimento das Fichas de Cadastro de Monitores. Considerando o Inciso III do item 4.1, os candidatos aprovados n\u00e3o poder\u00e3o \u201cusufruir [&hellip;]<\/p>\n","protected":false},"author":100,"featured_media":0,"comment_status":"open","ping_status":"open","sticky":false,"template":"","format":"standard","meta":[],"categories":[34,64,113,24,70,65],"tags":[],"_links":{"self":[{"href":"https:\/\/www.ifbaiano.edu.br\/unidades\/lapa\/wp-json\/wp\/v2\/posts\/21120"}],"collection":[{"href":"https:\/\/www.ifbaiano.edu.br\/unidades\/lapa\/wp-json\/wp\/v2\/posts"}],"about":[{"href":"https:\/\/www.ifbaiano.edu.br\/unidades\/lapa\/wp-json\/wp\/v2\/types\/post"}],"author":[{"embeddable":true,"href":"https:\/\/www.ifbaiano.edu.br\/unidades\/lapa\/wp-json\/wp\/v2\/users\/100"}],"replies":[{"embeddable":true,"href":"https:\/\/www.ifbaiano.edu.br\/unidades\/lapa\/wp-json\/wp\/v2\/comments?post=21120"}],"version-history":[{"count":4,"href":"https:\/\/www.ifbaiano.edu.br\/unidades\/lapa\/wp-json\/wp\/v2\/posts\/21120\/revisions"}],"predecessor-version":[{"id":21129,"href":"https:\/\/www.ifbaiano.edu.br\/unidades\/lapa\/wp-json\/wp\/v2\/posts\/21120\/revisions\/21129"}],"wp:attachment":[{"href":"https:\/\/www.ifbaiano.edu.br\/unidades\/lapa\/wp-json\/wp\/v2\/media?parent=21120"}],"wp:term":[{"taxonomy":"category","embeddable":true,"href":"https:\/\/www.ifbaiano.edu.br\/unidades\/lapa\/wp-json\/wp\/v2\/categories?post=21120"},{"taxonomy":"post_tag","embeddable":true,"href":"https:\/\/www.ifbaiano.edu.br\/unidades\/lapa\/wp-json\/wp\/v2\/tags?post=21120"}],"curies":[{"name":"wp","href":"https:\/\/api.w.org\/{rel}","templated":true}]}}