{"id":21170,"date":"2021-09-22T18:59:24","date_gmt":"2021-09-22T21:59:24","guid":{"rendered":"https:\/\/www.ifbaiano.edu.br\/unidades\/lapa\/?p=21170"},"modified":"2021-09-22T19:07:52","modified_gmt":"2021-09-22T22:07:52","slug":"resultado-final-edital-09-2021","status":"publish","type":"post","link":"https:\/\/www.ifbaiano.edu.br\/unidades\/lapa\/2021\/09\/22\/resultado-final-edital-09-2021\/","title":{"rendered":"Resultado Final de Sele\u00e7\u00e3o de Monitoria Discente dos Cursos T\u00e9cnicos de N\u00edvel M\u00e9dio"},"content":{"rendered":"\n<p>A Comiss\u00e3o de Sele\u00e7\u00e3o de Monitoria Discente dos Cursos T\u00e9cnicos de N\u00edvel M\u00e9dio torna p\u00fablico o resultado final do processo seletivo regido pelo Edital 09\/2021.<\/p>\n\n\n\n<p><a href=\"https:\/\/www.ifbaiano.edu.br\/unidades\/lapa\/files\/2021\/09\/resultado-final-edital-9-2021.pdf\" target=\"_blank\" rel=\"noreferrer noopener\">Resultado Final Edital 09\/2021 (documento pdf, abre em nova aba)<\/a><\/p>\n","protected":false},"excerpt":{"rendered":"<p>A Comiss\u00e3o de Sele\u00e7\u00e3o de Monitoria Discente dos Cursos T\u00e9cnicos de N\u00edvel M\u00e9dio torna p\u00fablico o resultado final do processo seletivo regido pelo Edital 09\/2021.<\/p>\n","protected":false},"author":100,"featured_media":0,"comment_status":"open","ping_status":"open","sticky":false,"template":"","format":"standard","meta":[],"categories":[34,64,24,68,65],"tags":[],"_links":{"self":[{"href":"https:\/\/www.ifbaiano.edu.br\/unidades\/lapa\/wp-json\/wp\/v2\/posts\/21170"}],"collection":[{"href":"https:\/\/www.ifbaiano.edu.br\/unidades\/lapa\/wp-json\/wp\/v2\/posts"}],"about":[{"href":"https:\/\/www.ifbaiano.edu.br\/unidades\/lapa\/wp-json\/wp\/v2\/types\/post"}],"author":[{"embeddable":true,"href":"https:\/\/www.ifbaiano.edu.br\/unidades\/lapa\/wp-json\/wp\/v2\/users\/100"}],"replies":[{"embeddable":true,"href":"https:\/\/www.ifbaiano.edu.br\/unidades\/lapa\/wp-json\/wp\/v2\/comments?post=21170"}],"version-history":[{"count":2,"href":"https:\/\/www.ifbaiano.edu.br\/unidades\/lapa\/wp-json\/wp\/v2\/posts\/21170\/revisions"}],"predecessor-version":[{"id":21173,"href":"https:\/\/www.ifbaiano.edu.br\/unidades\/lapa\/wp-json\/wp\/v2\/posts\/21170\/revisions\/21173"}],"wp:attachment":[{"href":"https:\/\/www.ifbaiano.edu.br\/unidades\/lapa\/wp-json\/wp\/v2\/media?parent=21170"}],"wp:term":[{"taxonomy":"category","embeddable":true,"href":"https:\/\/www.ifbaiano.edu.br\/unidades\/lapa\/wp-json\/wp\/v2\/categories?post=21170"},{"taxonomy":"post_tag","embeddable":true,"href":"https:\/\/www.ifbaiano.edu.br\/unidades\/lapa\/wp-json\/wp\/v2\/tags?post=21170"}],"curies":[{"name":"wp","href":"https:\/\/api.w.org\/{rel}","templated":true}]}}