{"id":21186,"date":"2021-09-24T13:35:08","date_gmt":"2021-09-24T16:35:08","guid":{"rendered":"https:\/\/www.ifbaiano.edu.br\/unidades\/lapa\/?p=21186"},"modified":"2021-09-24T13:40:37","modified_gmt":"2021-09-24T16:40:37","slug":"lancamento-edital-livros-eletronicos","status":"publish","type":"post","link":"https:\/\/www.ifbaiano.edu.br\/unidades\/lapa\/2021\/09\/24\/lancamento-edital-livros-eletronicos\/","title":{"rendered":"Lan\u00e7amento do Edital de Apoio \u00e0 publica\u00e7\u00e3o de livros eletr\u00f4nicos (e-books)"},"content":{"rendered":"\n<p align=\"justify\">A PROEX lan\u00e7ou Edital de Apoio \u00e0 publica\u00e7\u00e3o de livros eletr\u00f4nicos (e-books). As inscri\u00e7\u00f5es devem ser realizadas&nbsp;<strong>at\u00e9 dia&nbsp;22 de outubro&nbsp;de 2021<\/strong>&nbsp;e o envio de or\u00e7amentos at\u00e9&nbsp;30 de novembro&nbsp;de 2021.<\/p>\n<p>O Edital n\u00ba 127 e seus Anexos est\u00e3o dispon\u00edveis no link:<br> <a href=\"https:\/\/ifbaiano.edu.br\/portal\/extensao\/2021\/09\/24\/e-book-2021\/\" rel=\"noreferrer noopener\" target=\"_blank\">Edital de Apoio \u00e0 publica\u00e7\u00e3o de livros eletr\u00f4nicos (abre em nova aba)<\/a><\/p>\n","protected":false},"excerpt":{"rendered":"<p>A PROEX lan\u00e7ou Edital de Apoio \u00e0 publica\u00e7\u00e3o de livros eletr\u00f4nicos (e-books). As inscri\u00e7\u00f5es devem ser realizadas&nbsp;at\u00e9 dia&nbsp;22 de outubro&nbsp;de 2021&nbsp;e o envio de or\u00e7amentos at\u00e9&nbsp;30 de novembro&nbsp;de 2021. O Edital n\u00ba 127 e seus Anexos est\u00e3o dispon\u00edveis no link: Edital de Apoio \u00e0 publica\u00e7\u00e3o de livros eletr\u00f4nicos (abre em nova aba)<\/p>\n","protected":false},"author":100,"featured_media":21195,"comment_status":"open","ping_status":"open","sticky":false,"template":"","format":"standard","meta":[],"categories":[64,24,65],"tags":[],"_links":{"self":[{"href":"https:\/\/www.ifbaiano.edu.br\/unidades\/lapa\/wp-json\/wp\/v2\/posts\/21186"}],"collection":[{"href":"https:\/\/www.ifbaiano.edu.br\/unidades\/lapa\/wp-json\/wp\/v2\/posts"}],"about":[{"href":"https:\/\/www.ifbaiano.edu.br\/unidades\/lapa\/wp-json\/wp\/v2\/types\/post"}],"author":[{"embeddable":true,"href":"https:\/\/www.ifbaiano.edu.br\/unidades\/lapa\/wp-json\/wp\/v2\/users\/100"}],"replies":[{"embeddable":true,"href":"https:\/\/www.ifbaiano.edu.br\/unidades\/lapa\/wp-json\/wp\/v2\/comments?post=21186"}],"version-history":[{"count":5,"href":"https:\/\/www.ifbaiano.edu.br\/unidades\/lapa\/wp-json\/wp\/v2\/posts\/21186\/revisions"}],"predecessor-version":[{"id":21194,"href":"https:\/\/www.ifbaiano.edu.br\/unidades\/lapa\/wp-json\/wp\/v2\/posts\/21186\/revisions\/21194"}],"wp:featuredmedia":[{"embeddable":true,"href":"https:\/\/www.ifbaiano.edu.br\/unidades\/lapa\/wp-json\/wp\/v2\/media\/21195"}],"wp:attachment":[{"href":"https:\/\/www.ifbaiano.edu.br\/unidades\/lapa\/wp-json\/wp\/v2\/media?parent=21186"}],"wp:term":[{"taxonomy":"category","embeddable":true,"href":"https:\/\/www.ifbaiano.edu.br\/unidades\/lapa\/wp-json\/wp\/v2\/categories?post=21186"},{"taxonomy":"post_tag","embeddable":true,"href":"https:\/\/www.ifbaiano.edu.br\/unidades\/lapa\/wp-json\/wp\/v2\/tags?post=21186"}],"curies":[{"name":"wp","href":"https:\/\/api.w.org\/{rel}","templated":true}]}}