{"id":2119,"date":"2014-03-15T23:39:20","date_gmt":"2014-03-16T01:39:20","guid":{"rendered":"http:\/\/www.ifbaiano.edu.br\/unidades\/lapa\/?p=2119"},"modified":"2014-03-15T23:39:20","modified_gmt":"2014-03-16T01:39:20","slug":"nomeado-novo-reitor-do-if-baiano","status":"publish","type":"post","link":"https:\/\/www.ifbaiano.edu.br\/unidades\/lapa\/2014\/03\/15\/nomeado-novo-reitor-do-if-baiano\/","title":{"rendered":"Nomeado novo Reitor do IF Baiano"},"content":{"rendered":"<p><strong>O <a href=\"http:\/\/pesquisa.in.gov.br\/imprensa\/jsp\/visualiza\/index.jsp?jornal=2&amp;pagina=1&amp;data=14\/03\/2014\">Decreto <\/a>foi publicado em 14\/03\/2014 no Di\u00e1rio Oficial da Uni\u00e3o:<\/strong><\/p>\n<p>Confiram o texto na \u00edntegra:<\/p>\n<p><!--more--><\/p>\n<p><strong>&#8220;MINIST\u00c9RIO DA EDUCA\u00c7\u00c3O<\/strong><\/p>\n<p><strong>DECRETOS DE 13 DE MAR\u00c7O DE 2014<\/strong><\/p>\n<p>&nbsp;<\/p>\n<p><strong>A PRESIDENTA DA REP\u00daBLICA<\/strong>\u00a0, no uso da atribui\u00e7\u00e3o que lhe confere o art.\u00a0<a title=\"Artigo 84 da Constitui\u00e7\u00e3o Federal de 1988\" href=\"http:\/\/www.jusbrasil.com.br\/topicos\/10628446\/artigo-84-da-constitui%C3%A7%C3%A3o-federal-de-1988\" rel=\"10628446\">84<\/a>,\u00a0<strong>caput<\/strong>\u00a0, inciso XXV, da\u00a0<a title=\"CONSTITUI\u00c7\u00c3O DA REP\u00daBLICA FEDERATIVA DO BRASIL DE 1988\" href=\"http:\/\/www.jusbrasil.com.br\/legislacao\/112175738\/constitui%C3%A7%C3%A3o-federal-constitui%C3%A7%C3%A3o-da-republica-federativa-do-brasil-1988\" rel=\"302754\">Constitui\u00e7\u00e3o<\/a>, e tendo em vista o disposto no art.\u00a0<a title=\"Artigo 12 da Lei n\u00ba 11.892 de 29 de Dezembro de 2008\" href=\"http:\/\/www.jusbrasil.com.br\/topicos\/10649067\/artigo-12-da-lei-n-11892-de-29-de-dezembro-de-2008\" rel=\"10649067\">12<\/a>\u00a0da Lei n\u00a0<a title=\"Lei n\u00ba 11.892, de 29 de dezembro de 2008.\" href=\"http:\/\/www.jusbrasil.com.br\/legislacao\/92587\/lei-11892-08\" rel=\"10652214\">11.892<\/a>, de 29 de dezembro de 2008, resolve<\/p>\n<p><strong>NOMEAR<\/strong><\/p>\n<p>GEOVANE BARBOSA DO NASCIMENTO, Professor do Instituto Federal de Educa\u00e7\u00e3o, Ci\u00eancia e Tecnologia Baiano, para exercer o cargo de Reitor do referido Instituto, com mandato de quatro anos.<\/p>\n<p>Bras\u00edlia, 13 de mar\u00e7o de 2014; 193 da Independ\u00eancia e 126 da Rep\u00fablica.<\/p>\n<p>DILMA ROUSSEFF<\/p>\n<p>Jos\u00e9 Henrique Paim Fernandes&#8221;<\/p>\n<p>&nbsp;<\/p>\n","protected":false},"excerpt":{"rendered":"<p>O Decreto foi publicado em 14\/03\/2014 no Di\u00e1rio Oficial da Uni\u00e3o: Confiram o texto na \u00edntegra:<\/p>\n","protected":false},"author":41,"featured_media":0,"comment_status":"open","ping_status":"open","sticky":false,"template":"","format":"standard","meta":[],"categories":[1],"tags":[],"_links":{"self":[{"href":"https:\/\/www.ifbaiano.edu.br\/unidades\/lapa\/wp-json\/wp\/v2\/posts\/2119"}],"collection":[{"href":"https:\/\/www.ifbaiano.edu.br\/unidades\/lapa\/wp-json\/wp\/v2\/posts"}],"about":[{"href":"https:\/\/www.ifbaiano.edu.br\/unidades\/lapa\/wp-json\/wp\/v2\/types\/post"}],"author":[{"embeddable":true,"href":"https:\/\/www.ifbaiano.edu.br\/unidades\/lapa\/wp-json\/wp\/v2\/users\/41"}],"replies":[{"embeddable":true,"href":"https:\/\/www.ifbaiano.edu.br\/unidades\/lapa\/wp-json\/wp\/v2\/comments?post=2119"}],"version-history":[{"count":2,"href":"https:\/\/www.ifbaiano.edu.br\/unidades\/lapa\/wp-json\/wp\/v2\/posts\/2119\/revisions"}],"predecessor-version":[{"id":2121,"href":"https:\/\/www.ifbaiano.edu.br\/unidades\/lapa\/wp-json\/wp\/v2\/posts\/2119\/revisions\/2121"}],"wp:attachment":[{"href":"https:\/\/www.ifbaiano.edu.br\/unidades\/lapa\/wp-json\/wp\/v2\/media?parent=2119"}],"wp:term":[{"taxonomy":"category","embeddable":true,"href":"https:\/\/www.ifbaiano.edu.br\/unidades\/lapa\/wp-json\/wp\/v2\/categories?post=2119"},{"taxonomy":"post_tag","embeddable":true,"href":"https:\/\/www.ifbaiano.edu.br\/unidades\/lapa\/wp-json\/wp\/v2\/tags?post=2119"}],"curies":[{"name":"wp","href":"https:\/\/api.w.org\/{rel}","templated":true}]}}