{"id":21205,"date":"2021-09-27T09:34:00","date_gmt":"2021-09-27T12:34:00","guid":{"rendered":"https:\/\/www.ifbaiano.edu.br\/unidades\/lapa\/?p=21205"},"modified":"2021-09-27T09:50:26","modified_gmt":"2021-09-27T12:50:26","slug":"comunicacao-acessivel","status":"publish","type":"post","link":"https:\/\/www.ifbaiano.edu.br\/unidades\/lapa\/2021\/09\/27\/comunicacao-acessivel\/","title":{"rendered":"Palestra &#8220;Comunica\u00e7\u00e3o Acess\u00edvel: Libras nas M\u00e3os do Tradutor Int\u00e9rprete&#8221;"},"content":{"rendered":"\n<p align=\"justify\">O N\u00facleo de Atendimento \u00e0s Pessoas com Necessidades Espec\u00edficas (Napne) do IF Baiano Campus Bom Jesus da Lapa, comunica e convida a todos a participarem da palestra Comunica\u00e7\u00e3o Acess\u00edvel: Libras nas M\u00e3os do Tradutor Int\u00e9rprete, no dia 30 de setembro de 2021, \u00e0s 19h30. A live ser\u00e1 transmitida pelo Youtube no canal do IF Baiano Lapa. Para os inscritos que registrarem presen\u00e7a haver\u00e1 certificado com carga hor\u00e1ria total de 2h.<\/p>\n<p align=\"justify\"><a href=\"https:\/\/suap.ifbaiano.edu.br\/eventos\/inscricao_publica\/229\/\" target=\"_bland\" rel=\"noopener\">Inscri\u00e7\u00e3o da Palestra (site externo, abre em nova aba)<\/a><\/p>\n<p align=\"justify\"><a href=\"https:\/\/youtu.be\/Y3Gr4MsqhYA\" target=\"_bland\" rel=\"noopener\">Transmiss\u00e3o no Youtube (site externo, abre em nova aba)<\/a><\/p>\n\n\n\n<figure class=\"wp-block-image size-full\"><img decoding=\"async\" loading=\"lazy\" width=\"880\" height=\"880\" src=\"https:\/\/www.ifbaiano.edu.br\/unidades\/lapa\/files\/2021\/09\/palestralapalibras.png\" alt=\"\" class=\"wp-image-21206\" \/><\/figure>\n","protected":false},"excerpt":{"rendered":"<p>O N\u00facleo de Atendimento \u00e0s Pessoas com Necessidades Espec\u00edficas (Napne) do IF Baiano Campus Bom Jesus da Lapa, comunica e convida a todos a participarem da palestra Comunica\u00e7\u00e3o Acess\u00edvel: Libras nas M\u00e3os do Tradutor Int\u00e9rprete, no dia 30 de setembro de 2021, \u00e0s 19h30. A live ser\u00e1 transmitida pelo Youtube no canal do IF Baiano [&hellip;]<\/p>\n","protected":false},"author":100,"featured_media":21206,"comment_status":"open","ping_status":"open","sticky":false,"template":"","format":"standard","meta":[],"categories":[64,24,65],"tags":[],"_links":{"self":[{"href":"https:\/\/www.ifbaiano.edu.br\/unidades\/lapa\/wp-json\/wp\/v2\/posts\/21205"}],"collection":[{"href":"https:\/\/www.ifbaiano.edu.br\/unidades\/lapa\/wp-json\/wp\/v2\/posts"}],"about":[{"href":"https:\/\/www.ifbaiano.edu.br\/unidades\/lapa\/wp-json\/wp\/v2\/types\/post"}],"author":[{"embeddable":true,"href":"https:\/\/www.ifbaiano.edu.br\/unidades\/lapa\/wp-json\/wp\/v2\/users\/100"}],"replies":[{"embeddable":true,"href":"https:\/\/www.ifbaiano.edu.br\/unidades\/lapa\/wp-json\/wp\/v2\/comments?post=21205"}],"version-history":[{"count":5,"href":"https:\/\/www.ifbaiano.edu.br\/unidades\/lapa\/wp-json\/wp\/v2\/posts\/21205\/revisions"}],"predecessor-version":[{"id":21214,"href":"https:\/\/www.ifbaiano.edu.br\/unidades\/lapa\/wp-json\/wp\/v2\/posts\/21205\/revisions\/21214"}],"wp:featuredmedia":[{"embeddable":true,"href":"https:\/\/www.ifbaiano.edu.br\/unidades\/lapa\/wp-json\/wp\/v2\/media\/21206"}],"wp:attachment":[{"href":"https:\/\/www.ifbaiano.edu.br\/unidades\/lapa\/wp-json\/wp\/v2\/media?parent=21205"}],"wp:term":[{"taxonomy":"category","embeddable":true,"href":"https:\/\/www.ifbaiano.edu.br\/unidades\/lapa\/wp-json\/wp\/v2\/categories?post=21205"},{"taxonomy":"post_tag","embeddable":true,"href":"https:\/\/www.ifbaiano.edu.br\/unidades\/lapa\/wp-json\/wp\/v2\/tags?post=21205"}],"curies":[{"name":"wp","href":"https:\/\/api.w.org\/{rel}","templated":true}]}}