{"id":21221,"date":"2021-09-27T16:10:30","date_gmt":"2021-09-27T19:10:30","guid":{"rendered":"https:\/\/www.ifbaiano.edu.br\/unidades\/lapa\/?p=21221"},"modified":"2021-09-27T16:18:53","modified_gmt":"2021-09-27T19:18:53","slug":"inscricoes-5-cursos-fic","status":"publish","type":"post","link":"https:\/\/www.ifbaiano.edu.br\/unidades\/lapa\/2021\/09\/27\/inscricoes-5-cursos-fic\/","title":{"rendered":"Campus Bom Jesus da Lapa abre inscri\u00e7\u00f5es para 5 cursos de Forma\u00e7\u00e3o Continuada voltados \u00e0 comunidade externa"},"content":{"rendered":"\n<p align=\"justify\">O Campus Bom Jesus da Lapa&nbsp;torna p\u00fablica a abertura de inscri\u00e7\u00f5es no per\u00edodo de&nbsp;29\/09&nbsp;&nbsp;a&nbsp;12\/10\/2021&nbsp;para provimento de vagas no(s) curso(s) de Qualifica\u00e7\u00e3o Profissional, na modalidade de Forma\u00e7\u00e3o Inicial e\/ou Continuada \u2013 FIC, que ser\u00e3o realizados no formato virtualizado. Ser\u00e3o ofertadas as seguintes vagas:<\/p>\n\n\n\n<ol type=\"a\" style=\"text-align:justify\">\n<li>20 vagas para o curso&nbsp;Auxiliar de Biblioteca Escolar: Dinamiza\u00e7\u00e3o de Espa\u00e7os \u2013 EaD (40 horas);<\/li>\n<li>30 vagas para o curso&nbsp;Forma\u00e7\u00e3o de profissionais da educa\u00e7\u00e3o para inclus\u00e3o escolar: as bases pra constru\u00e7\u00e3o de uma escola inclusiva &#8211;&nbsp;EaD (20 horas);<\/li>\n<li>30 vagas para o curso&nbsp;T\u00f3picos avan\u00e7ados em Metodologia Cient\u00edfica \u2013 Ensino Remoto (20 horas);<\/li>\n<li>30 vagas para o curso&nbsp;Princ\u00edpios de Redes de Computadores &#8211; EaD (24 horas);<\/li>\n<li>30 vagas para o curso Grafia Braille para L\u00edngua Portuguesa &#8211; Ensino Remoto (60 horas).<\/li>\n<\/ol>\n<p align=\"justify\">A \u00edntegra do Edital contendo demais informa\u00e7\u00f5es&nbsp; e o link das inscri\u00e7\u00f5es encontram-se dispon\u00edveis no endere\u00e7o eletr\u00f4nico:&nbsp;<a target=\"_blank\" href=\"https:\/\/concurso.ifbaiano.edu.br\/portal\/fic-lapa-setembro-2021\/\" rel=\"noreferrer noopener\">https:\/\/concurso.ifbaiano.edu.br\/portal\/fic-lapa-setembro-2021\/<\/a><\/p>\n\n\n\n<figure class=\"wp-block-image size-full\"><img decoding=\"async\" loading=\"lazy\" width=\"1080\" height=\"1080\" src=\"https:\/\/www.ifbaiano.edu.br\/unidades\/lapa\/files\/2021\/09\/card-fic-lapa-setembro-2021.png\" alt=\"\" class=\"wp-image-21225\" \/><\/figure>\n","protected":false},"excerpt":{"rendered":"<p>O Campus Bom Jesus da Lapa&nbsp;torna p\u00fablica a abertura de inscri\u00e7\u00f5es no per\u00edodo de&nbsp;29\/09&nbsp;&nbsp;a&nbsp;12\/10\/2021&nbsp;para provimento de vagas no(s) curso(s) de Qualifica\u00e7\u00e3o Profissional, na modalidade de Forma\u00e7\u00e3o Inicial e\/ou Continuada \u2013 FIC, que ser\u00e3o realizados no formato virtualizado. Ser\u00e3o ofertadas as seguintes vagas: 20 vagas para o curso&nbsp;Auxiliar de Biblioteca Escolar: Dinamiza\u00e7\u00e3o de Espa\u00e7os \u2013 EaD [&hellip;]<\/p>\n","protected":false},"author":100,"featured_media":21225,"comment_status":"open","ping_status":"open","sticky":false,"template":"","format":"standard","meta":[],"categories":[64,24,40,65],"tags":[],"_links":{"self":[{"href":"https:\/\/www.ifbaiano.edu.br\/unidades\/lapa\/wp-json\/wp\/v2\/posts\/21221"}],"collection":[{"href":"https:\/\/www.ifbaiano.edu.br\/unidades\/lapa\/wp-json\/wp\/v2\/posts"}],"about":[{"href":"https:\/\/www.ifbaiano.edu.br\/unidades\/lapa\/wp-json\/wp\/v2\/types\/post"}],"author":[{"embeddable":true,"href":"https:\/\/www.ifbaiano.edu.br\/unidades\/lapa\/wp-json\/wp\/v2\/users\/100"}],"replies":[{"embeddable":true,"href":"https:\/\/www.ifbaiano.edu.br\/unidades\/lapa\/wp-json\/wp\/v2\/comments?post=21221"}],"version-history":[{"count":3,"href":"https:\/\/www.ifbaiano.edu.br\/unidades\/lapa\/wp-json\/wp\/v2\/posts\/21221\/revisions"}],"predecessor-version":[{"id":21227,"href":"https:\/\/www.ifbaiano.edu.br\/unidades\/lapa\/wp-json\/wp\/v2\/posts\/21221\/revisions\/21227"}],"wp:featuredmedia":[{"embeddable":true,"href":"https:\/\/www.ifbaiano.edu.br\/unidades\/lapa\/wp-json\/wp\/v2\/media\/21225"}],"wp:attachment":[{"href":"https:\/\/www.ifbaiano.edu.br\/unidades\/lapa\/wp-json\/wp\/v2\/media?parent=21221"}],"wp:term":[{"taxonomy":"category","embeddable":true,"href":"https:\/\/www.ifbaiano.edu.br\/unidades\/lapa\/wp-json\/wp\/v2\/categories?post=21221"},{"taxonomy":"post_tag","embeddable":true,"href":"https:\/\/www.ifbaiano.edu.br\/unidades\/lapa\/wp-json\/wp\/v2\/tags?post=21221"}],"curies":[{"name":"wp","href":"https:\/\/api.w.org\/{rel}","templated":true}]}}