{"id":21237,"date":"2021-09-29T15:55:52","date_gmt":"2021-09-29T18:55:52","guid":{"rendered":"https:\/\/www.ifbaiano.edu.br\/unidades\/lapa\/?p=21237"},"modified":"2021-09-29T15:55:52","modified_gmt":"2021-09-29T18:55:52","slug":"concurso-literario-do-if-baiano","status":"publish","type":"post","link":"https:\/\/www.ifbaiano.edu.br\/unidades\/lapa\/2021\/09\/29\/concurso-literario-do-if-baiano\/","title":{"rendered":"Concurso Liter\u00e1rio do IF Baiano"},"content":{"rendered":"\n<p align=\"justify\">O Instituto Federal de Educa\u00e7\u00e3o, Ci\u00eancia e Tecnologia Baiano \u2013 IF Baiano torna p\u00fablico, atrav\u00e9s da Pr\u00f3-Reitoria de Extens\u00e3o \u2013 PROEX, o Edital do I\u00a0<strong>Concurso Liter\u00e1rio Carolina Maria de Jesus<\/strong>\u00a0para submiss\u00e3o de textos liter\u00e1rios em prosa ou verso, voltados para compor 1 publica\u00e7\u00e3o impressa (1 livro), visando a promo\u00e7\u00e3o do desenvolvimento educacional, social, cultural, cient\u00edfico e tecnol\u00f3gico, de acordo com as condi\u00e7\u00f5es expressas no edital.<\/p>\n\n\n\n<p align=\"justify\">Cada autor poder\u00e1 submeter apenas uma obra em prosa (conto ou cr\u00f4nica) ou em poesia para compor o conjunto de textos a serem publicados na colet\u00e2nea.<\/p>\n\n\n\n<p align=\"justify\">Os proponentes dever\u00e3o ser<strong>\u00a0alunos da rede p\u00fablica de ensino do Estado da Bahia<\/strong>, cuja comprova\u00e7\u00e3o dever\u00e1 ser apresentada no ato da inscri\u00e7\u00e3o para este certame.<\/p>\n\n\n\n<p align=\"justify\">Os proponentes deste certame devem seguir as normas compostas no item 2.1.1 para formata\u00e7\u00e3o dos textos, sejam eles em prosa ou poesia.<\/p>\n\n\n\n<p align=\"justify\">A proposta individual dever\u00e1 ser enviada em formul\u00e1rio pr\u00f3prio deste concurso, ANEXO I, nas mesmas medidas especificadas neste edital e no modelo, juntamente com uma foto modelo 3&#215;4 digital em fundo branco e breve biografia do escritor ANEXO II e o comprante de v\u00ednculo estudantil com institui\u00e7\u00e3o p\u00fablica de ensino da Bahia (em PDF).<\/p>\n\n\n\n<p align=\"justify\">O texto liter\u00e1rio para an\u00e1lise deve ser enviado no seguinte formato: Word, fonte Times New Roman 12, espa\u00e7o entre linhas 1,5 cm, margens Esquerda: 3 cm; Superior: 3 cm; Direita: 2 cm; Inferior: 2 cm.<\/p>\n\n\n\n<p align=\"justify\"><strong>As inscri\u00e7\u00f5es dever\u00e3o ser realizadas entre os dias\u00a030\/09\/2021\u00a0e\u00a029\/10\/2021<\/strong>, por meio do envio dos anexos preenchidos deste certame para o e-mail :\u00a0<strong>concursoliterariocarolina@ifbaiano.edu.br.<\/strong><\/p>\n\n\n\n<p align=\"justify\">Ser\u00e1 disponibilizado o montante total de at\u00e9 R$ 20.000,00 (vinte mil reais), executado por contrata\u00e7\u00e3o de servi\u00e7o de editora para confec\u00e7\u00e3o e publica\u00e7\u00e3o de livro impresso.\u00a0A contrata\u00e7\u00e3o da editora, de acordo com todos os procedimentos e tr\u00e2mites legais, s\u00e3o de responsabilidade da Proex.<\/p>\n\n\n\n<p align=\"justify\">Os baremas de avalia\u00e7\u00e3o do texto e demais informa\u00e7\u00f5es est\u00e3o dispon\u00edveis no edital.<\/p>\n\n\n\n<div class=\"wp-block-file\"><a href=\"https:\/\/www.ifbaiano.edu.br\/unidades\/lapa\/files\/2021\/09\/Edital-Carolina-Assinado.pdf\" target=\"_blank\" rel=\"noreferrer noopener\">Edital 132\/2021 (documento pdf, abre em nova aba)<\/a><\/div>\n\n\n\n<div class=\"wp-block-file\"><a href=\"https:\/\/www.ifbaiano.edu.br\/unidades\/lapa\/files\/2021\/09\/Premio-Carolina-ANEXO-I.odt\">Anexo I (documento odt, tamanho 32 KB)<\/a><a href=\"https:\/\/www.ifbaiano.edu.br\/unidades\/lapa\/files\/2021\/09\/Premio-Carolina-ANEXO-I.odt\" class=\"wp-block-file__button\" download>Baixar<\/a><\/div>\n\n\n\n<div class=\"wp-block-file\"><a href=\"https:\/\/www.ifbaiano.edu.br\/unidades\/lapa\/files\/2021\/09\/Premio-Carolina-ANEXO-II.odt\">Anexo II (documento odt, tamanho 32 KB)<\/a><a href=\"https:\/\/www.ifbaiano.edu.br\/unidades\/lapa\/files\/2021\/09\/Premio-Carolina-ANEXO-II.odt\" class=\"wp-block-file__button\" download>Baixar<\/a><\/div>\n","protected":false},"excerpt":{"rendered":"<p>O Instituto Federal de Educa\u00e7\u00e3o, Ci\u00eancia e Tecnologia Baiano \u2013 IF Baiano torna p\u00fablico, atrav\u00e9s da Pr\u00f3-Reitoria de Extens\u00e3o \u2013 PROEX, o Edital do I\u00a0Concurso Liter\u00e1rio Carolina Maria de Jesus\u00a0para submiss\u00e3o de textos liter\u00e1rios em prosa ou verso, voltados para compor 1 publica\u00e7\u00e3o impressa (1 livro), visando a promo\u00e7\u00e3o do desenvolvimento educacional, social, cultural, cient\u00edfico [&hellip;]<\/p>\n","protected":false},"author":100,"featured_media":21242,"comment_status":"open","ping_status":"open","sticky":false,"template":"","format":"standard","meta":[],"categories":[64,40,65],"tags":[],"_links":{"self":[{"href":"https:\/\/www.ifbaiano.edu.br\/unidades\/lapa\/wp-json\/wp\/v2\/posts\/21237"}],"collection":[{"href":"https:\/\/www.ifbaiano.edu.br\/unidades\/lapa\/wp-json\/wp\/v2\/posts"}],"about":[{"href":"https:\/\/www.ifbaiano.edu.br\/unidades\/lapa\/wp-json\/wp\/v2\/types\/post"}],"author":[{"embeddable":true,"href":"https:\/\/www.ifbaiano.edu.br\/unidades\/lapa\/wp-json\/wp\/v2\/users\/100"}],"replies":[{"embeddable":true,"href":"https:\/\/www.ifbaiano.edu.br\/unidades\/lapa\/wp-json\/wp\/v2\/comments?post=21237"}],"version-history":[{"count":1,"href":"https:\/\/www.ifbaiano.edu.br\/unidades\/lapa\/wp-json\/wp\/v2\/posts\/21237\/revisions"}],"predecessor-version":[{"id":21241,"href":"https:\/\/www.ifbaiano.edu.br\/unidades\/lapa\/wp-json\/wp\/v2\/posts\/21237\/revisions\/21241"}],"wp:featuredmedia":[{"embeddable":true,"href":"https:\/\/www.ifbaiano.edu.br\/unidades\/lapa\/wp-json\/wp\/v2\/media\/21242"}],"wp:attachment":[{"href":"https:\/\/www.ifbaiano.edu.br\/unidades\/lapa\/wp-json\/wp\/v2\/media?parent=21237"}],"wp:term":[{"taxonomy":"category","embeddable":true,"href":"https:\/\/www.ifbaiano.edu.br\/unidades\/lapa\/wp-json\/wp\/v2\/categories?post=21237"},{"taxonomy":"post_tag","embeddable":true,"href":"https:\/\/www.ifbaiano.edu.br\/unidades\/lapa\/wp-json\/wp\/v2\/tags?post=21237"}],"curies":[{"name":"wp","href":"https:\/\/api.w.org\/{rel}","templated":true}]}}