{"id":2127,"date":"2014-03-20T15:26:57","date_gmt":"2014-03-20T17:26:57","guid":{"rendered":"http:\/\/www.ifbaiano.edu.br\/unidades\/lapa\/?p=2127"},"modified":"2014-03-22T18:51:26","modified_gmt":"2014-03-22T20:51:26","slug":"registros-dos-sabados-letivos-no-campus","status":"publish","type":"post","link":"https:\/\/www.ifbaiano.edu.br\/unidades\/lapa\/2014\/03\/20\/registros-dos-sabados-letivos-no-campus\/","title":{"rendered":"Registros dos S\u00e1bados Letivos no Campus"},"content":{"rendered":"<div>\n<p>As aulas no s\u00e1bado visam complementar as atividades do Calend\u00e1rio Pedag\u00f3gico.<\/p>\n<p><!--more--><\/p>\n<p>No dia 08 de mar\u00e7o de 2014 ocorreram as primeiras aulas de S\u00e1bado Letivo no Campus Bom Jesus da Lapa. A ocasi\u00e3o foi marcada pelas aulas de Ingl\u00eas T\u00e9cnico com a Professora Irma M\u00e1rcia no Curso T\u00e9cnico em Inform\u00e1tica.<\/p>\n<\/div>\n<div>\n<p>A professora Irma, ressalta que ficou feliz com o n\u00famero de alunos que esteve presente e isso significa no \u00e2mbito educacional de Bom Jesus da Lapa uma ruptura do paradigma em rela\u00e7\u00e3o \u00e0s atividades acad\u00eamicas aos s\u00e1bados e uma confirma\u00e7\u00e3o quanto \u00e0 qualidade da educa\u00e7\u00e3o p\u00fablica oferecida pelo IF Baiano.<\/p>\n<\/div>\n<p>A aluna Iris da Silva Tavares afirma que aprendeu muito, mesmo sendo um s\u00e1bado \u00e0 tarde e que muitos alunos do noturno t\u00eam dificuldades para estar aqui. O aluno Anderson Clayton Reis Ferreira disse que foi muito proveitoso e se surpreendeu com o seu pr\u00f3prio aproveitamento.<\/p>\n<p>O aluno Almiro Moreira da Santa Cruz da turma do matutino precisou vir de Riacho de Santana e se pronunciou no final da aula dizendo que tinha gostado da aula e teve \u00f3timo aproveitamento.<\/p>\n<p>As atividades acad\u00eamicas aos s\u00e1bados ir\u00e3o ocorrer durante todo ano letivo e esperamos uma continuidade dos bons resultados obtidos nesse primeiro momento.<\/p>\n<p><a href=\"http:\/\/www.ifbaiano.edu.br\/unidades\/lapa\/files\/2014\/03\/essa3.png\"><img decoding=\"async\" loading=\"lazy\" class=\"alignnone size-medium wp-image-2131\" src=\"http:\/\/www.ifbaiano.edu.br\/unidades\/lapa\/files\/2014\/03\/essa3-300x192.png\" alt=\"\" width=\"300\" height=\"192\" srcset=\"https:\/\/www.ifbaiano.edu.br\/unidades\/lapa\/files\/2014\/03\/essa3-300x192.png 300w, https:\/\/www.ifbaiano.edu.br\/unidades\/lapa\/files\/2014\/03\/essa3-400x256.png 400w, https:\/\/www.ifbaiano.edu.br\/unidades\/lapa\/files\/2014\/03\/essa3.png 629w\" sizes=\"(max-width: 300px) 100vw, 300px\" \/><\/a><a href=\"http:\/\/www.ifbaiano.edu.br\/unidades\/lapa\/files\/2014\/03\/essa4.png\"><img decoding=\"async\" loading=\"lazy\" class=\"alignnone size-medium wp-image-2130\" src=\"http:\/\/www.ifbaiano.edu.br\/unidades\/lapa\/files\/2014\/03\/essa4-300x192.png\" alt=\"\" width=\"300\" height=\"192\" srcset=\"https:\/\/www.ifbaiano.edu.br\/unidades\/lapa\/files\/2014\/03\/essa4-300x192.png 300w, https:\/\/www.ifbaiano.edu.br\/unidades\/lapa\/files\/2014\/03\/essa4-400x256.png 400w, https:\/\/www.ifbaiano.edu.br\/unidades\/lapa\/files\/2014\/03\/essa4.png 629w\" sizes=\"(max-width: 300px) 100vw, 300px\" \/><\/a><a href=\"http:\/\/www.ifbaiano.edu.br\/unidades\/lapa\/files\/2014\/03\/essa7.png\"><img decoding=\"async\" loading=\"lazy\" class=\"alignnone size-medium wp-image-2137\" src=\"http:\/\/www.ifbaiano.edu.br\/unidades\/lapa\/files\/2014\/03\/essa7-300x202.png\" alt=\"\" width=\"300\" height=\"202\" srcset=\"https:\/\/www.ifbaiano.edu.br\/unidades\/lapa\/files\/2014\/03\/essa7-300x202.png 300w, https:\/\/www.ifbaiano.edu.br\/unidades\/lapa\/files\/2014\/03\/essa7-400x270.png 400w, https:\/\/www.ifbaiano.edu.br\/unidades\/lapa\/files\/2014\/03\/essa7.png 629w\" sizes=\"(max-width: 300px) 100vw, 300px\" \/><\/a><a href=\"http:\/\/www.ifbaiano.edu.br\/unidades\/lapa\/files\/2014\/03\/essa61.png\"><img decoding=\"async\" loading=\"lazy\" class=\"alignnone size-medium wp-image-2139\" src=\"http:\/\/www.ifbaiano.edu.br\/unidades\/lapa\/files\/2014\/03\/essa61-300x195.png\" alt=\"\" width=\"300\" height=\"195\" srcset=\"https:\/\/www.ifbaiano.edu.br\/unidades\/lapa\/files\/2014\/03\/essa61-300x195.png 300w, https:\/\/www.ifbaiano.edu.br\/unidades\/lapa\/files\/2014\/03\/essa61-400x260.png 400w, https:\/\/www.ifbaiano.edu.br\/unidades\/lapa\/files\/2014\/03\/essa61.png 652w\" sizes=\"(max-width: 300px) 100vw, 300px\" \/><\/a><\/p>\n","protected":false},"excerpt":{"rendered":"<p>As aulas no s\u00e1bado visam complementar as atividades do Calend\u00e1rio Pedag\u00f3gico.<\/p>\n","protected":false},"author":41,"featured_media":0,"comment_status":"open","ping_status":"open","sticky":false,"template":"","format":"standard","meta":[],"categories":[1],"tags":[],"_links":{"self":[{"href":"https:\/\/www.ifbaiano.edu.br\/unidades\/lapa\/wp-json\/wp\/v2\/posts\/2127"}],"collection":[{"href":"https:\/\/www.ifbaiano.edu.br\/unidades\/lapa\/wp-json\/wp\/v2\/posts"}],"about":[{"href":"https:\/\/www.ifbaiano.edu.br\/unidades\/lapa\/wp-json\/wp\/v2\/types\/post"}],"author":[{"embeddable":true,"href":"https:\/\/www.ifbaiano.edu.br\/unidades\/lapa\/wp-json\/wp\/v2\/users\/41"}],"replies":[{"embeddable":true,"href":"https:\/\/www.ifbaiano.edu.br\/unidades\/lapa\/wp-json\/wp\/v2\/comments?post=2127"}],"version-history":[{"count":7,"href":"https:\/\/www.ifbaiano.edu.br\/unidades\/lapa\/wp-json\/wp\/v2\/posts\/2127\/revisions"}],"predecessor-version":[{"id":2129,"href":"https:\/\/www.ifbaiano.edu.br\/unidades\/lapa\/wp-json\/wp\/v2\/posts\/2127\/revisions\/2129"}],"wp:attachment":[{"href":"https:\/\/www.ifbaiano.edu.br\/unidades\/lapa\/wp-json\/wp\/v2\/media?parent=2127"}],"wp:term":[{"taxonomy":"category","embeddable":true,"href":"https:\/\/www.ifbaiano.edu.br\/unidades\/lapa\/wp-json\/wp\/v2\/categories?post=2127"},{"taxonomy":"post_tag","embeddable":true,"href":"https:\/\/www.ifbaiano.edu.br\/unidades\/lapa\/wp-json\/wp\/v2\/tags?post=2127"}],"curies":[{"name":"wp","href":"https:\/\/api.w.org\/{rel}","templated":true}]}}