{"id":2141,"date":"2014-03-20T18:42:20","date_gmt":"2014-03-20T20:42:20","guid":{"rendered":"http:\/\/www.ifbaiano.edu.br\/unidades\/lapa\/?p=2141"},"modified":"2014-03-20T18:42:20","modified_gmt":"2014-03-20T20:42:20","slug":"edital-de-selecao-para-concessao-de-afastamento-docente","status":"publish","type":"post","link":"https:\/\/www.ifbaiano.edu.br\/unidades\/lapa\/2014\/03\/20\/edital-de-selecao-para-concessao-de-afastamento-docente\/","title":{"rendered":"Edital de Sele\u00e7\u00e3o para concess\u00e3o de afastamento docente"},"content":{"rendered":"<p>As inscri\u00e7\u00f5es ocorrer\u00e3o no per\u00edodo de 21 a 28 de mar\u00e7o de 2014. Confira abaixo o Edital 04\/2014:<\/p>\n<p>&nbsp;<\/p>\n<p>O Diretor Geral do <strong>Instituto Federal de Educa\u00e7\u00e3o, Ci\u00eancia e Tecnologia Baiano \u2013 <em>Campus<\/em> Bom Jesus da Lapa<\/strong>, no uso de suas atribui\u00e7\u00f5es legais, conforme lhe confere a Portaria N\u00ba 333 de 18 de mar\u00e7o de 2014, D.O.U. de 19\/03\/2014, torna p\u00fablica a abertura de <strong>Sele\u00e7\u00e3o para concess\u00e3o de afastamento a docentes para participa\u00e7\u00e3o em Programas de P\u00f3s-Gradua\u00e7\u00e3o <em>Stricto Sensu<\/em>, mediante a contrata\u00e7\u00e3o de Professor Substituto.<\/strong><\/p>\n<p><a href=\"http:\/\/www.ifbaiano.edu.br\/unidades\/lapa\/files\/2014\/03\/edital-final.pdf\">EDITAL<\/a><\/p>\n<p><strong><a href=\"http:\/\/www.ifbaiano.edu.br\/reitoria\/wp-content\/uploads\/2013\/04\/ANEXO-I-PORTARIA-431.pdf\">ANEXO I<\/a><\/strong><\/p>\n<p><strong><a href=\"http:\/\/www.ifbaiano.edu.br\/reitoria\/wp-content\/uploads\/2013\/04\/ANEXO-II-PORTARIA-431.pdf\">ANEXO II<\/a><\/strong><\/p>\n<p><strong><a href=\"http:\/\/www.ifbaiano.edu.br\/reitoria\/wp-content\/uploads\/2013\/04\/ANEXO-III-PORTARIA-431.pdf\">ANEXO III<\/a><\/strong><\/p>\n<p><strong><a href=\"http:\/\/www.ifbaiano.edu.br\/reitoria\/wp-content\/uploads\/2013\/04\/Portaria-431.pdf\">Portaria 431\/2013<\/a><\/strong><\/p>\n<p>&nbsp;<\/p>\n<p><strong>\u00a0<\/strong><\/p>\n","protected":false},"excerpt":{"rendered":"<p>As inscri\u00e7\u00f5es ocorrer\u00e3o no per\u00edodo de 21 a 28 de mar\u00e7o de 2014. Confira abaixo o Edital 04\/2014: &nbsp; O Diretor Geral do Instituto Federal de Educa\u00e7\u00e3o, Ci\u00eancia e Tecnologia Baiano \u2013 Campus Bom Jesus da Lapa, no uso de suas atribui\u00e7\u00f5es legais, conforme lhe confere a Portaria N\u00ba 333 de 18 de mar\u00e7o de [&hellip;]<\/p>\n","protected":false},"author":41,"featured_media":0,"comment_status":"open","ping_status":"open","sticky":false,"template":"","format":"standard","meta":[],"categories":[34],"tags":[],"_links":{"self":[{"href":"https:\/\/www.ifbaiano.edu.br\/unidades\/lapa\/wp-json\/wp\/v2\/posts\/2141"}],"collection":[{"href":"https:\/\/www.ifbaiano.edu.br\/unidades\/lapa\/wp-json\/wp\/v2\/posts"}],"about":[{"href":"https:\/\/www.ifbaiano.edu.br\/unidades\/lapa\/wp-json\/wp\/v2\/types\/post"}],"author":[{"embeddable":true,"href":"https:\/\/www.ifbaiano.edu.br\/unidades\/lapa\/wp-json\/wp\/v2\/users\/41"}],"replies":[{"embeddable":true,"href":"https:\/\/www.ifbaiano.edu.br\/unidades\/lapa\/wp-json\/wp\/v2\/comments?post=2141"}],"version-history":[{"count":2,"href":"https:\/\/www.ifbaiano.edu.br\/unidades\/lapa\/wp-json\/wp\/v2\/posts\/2141\/revisions"}],"predecessor-version":[{"id":2145,"href":"https:\/\/www.ifbaiano.edu.br\/unidades\/lapa\/wp-json\/wp\/v2\/posts\/2141\/revisions\/2145"}],"wp:attachment":[{"href":"https:\/\/www.ifbaiano.edu.br\/unidades\/lapa\/wp-json\/wp\/v2\/media?parent=2141"}],"wp:term":[{"taxonomy":"category","embeddable":true,"href":"https:\/\/www.ifbaiano.edu.br\/unidades\/lapa\/wp-json\/wp\/v2\/categories?post=2141"},{"taxonomy":"post_tag","embeddable":true,"href":"https:\/\/www.ifbaiano.edu.br\/unidades\/lapa\/wp-json\/wp\/v2\/tags?post=2141"}],"curies":[{"name":"wp","href":"https:\/\/api.w.org\/{rel}","templated":true}]}}