{"id":21450,"date":"2021-10-18T14:32:50","date_gmt":"2021-10-18T17:32:50","guid":{"rendered":"https:\/\/www.ifbaiano.edu.br\/unidades\/lapa\/?p=21450"},"modified":"2021-10-18T14:34:28","modified_gmt":"2021-10-18T17:34:28","slug":"edital-auxilio-inclusao-digital-2021","status":"publish","type":"post","link":"https:\/\/www.ifbaiano.edu.br\/unidades\/lapa\/2021\/10\/18\/edital-auxilio-inclusao-digital-2021\/","title":{"rendered":"Edital Aux\u00edlio Inclus\u00e3o Digital 2021"},"content":{"rendered":"\n<p align=\"justify\">O IF Baiano <em>campus<\/em> Bom Jesus da Lapa torna p\u00fablico o edital n\u00famero 13 do Aux\u00edlio Inclus\u00e3o Digital 2021 na modalidade Aquisi\u00e7\u00e3o e Manuten\u00e7\u00e3o de Equipamentos com 63 vagas dispon\u00edveis para os discentes regularmente matriculados na institui\u00e7\u00e3o e que se enquadrem nos pr\u00e9-requisitos do edital. As inscri\u00e7\u00f5es estar\u00e3o abertas atrav\u00e9s do email: clae@lapa.ifbaiano.edu.br no per\u00edodo de 23\/10 a 05\/11\/2021. Qualquer d\u00favida entrar em contato com a CAE 77 98101-4162.<\/p>\n<p align=\"justify\"><a href=\"https:\/\/www.ifbaiano.edu.br\/unidades\/lapa\/edital-13-2021-auxilio-inclusao-digital\/\">Edital 13\/2021<\/p>\n\n\n\n<p><\/p>\n","protected":false},"excerpt":{"rendered":"<p>O IF Baiano campus Bom Jesus da Lapa torna p\u00fablico o edital n\u00famero 13 do Aux\u00edlio Inclus\u00e3o Digital 2021 na modalidade Aquisi\u00e7\u00e3o e Manuten\u00e7\u00e3o de Equipamentos com 63 vagas dispon\u00edveis para os discentes regularmente matriculados na institui\u00e7\u00e3o e que se enquadrem nos pr\u00e9-requisitos do edital. As inscri\u00e7\u00f5es estar\u00e3o abertas atrav\u00e9s do email: clae@lapa.ifbaiano.edu.br no per\u00edodo [&hellip;]<\/p>\n","protected":false},"author":100,"featured_media":21452,"comment_status":"open","ping_status":"open","sticky":false,"template":"","format":"standard","meta":[],"categories":[32,34,64,24,65],"tags":[],"_links":{"self":[{"href":"https:\/\/www.ifbaiano.edu.br\/unidades\/lapa\/wp-json\/wp\/v2\/posts\/21450"}],"collection":[{"href":"https:\/\/www.ifbaiano.edu.br\/unidades\/lapa\/wp-json\/wp\/v2\/posts"}],"about":[{"href":"https:\/\/www.ifbaiano.edu.br\/unidades\/lapa\/wp-json\/wp\/v2\/types\/post"}],"author":[{"embeddable":true,"href":"https:\/\/www.ifbaiano.edu.br\/unidades\/lapa\/wp-json\/wp\/v2\/users\/100"}],"replies":[{"embeddable":true,"href":"https:\/\/www.ifbaiano.edu.br\/unidades\/lapa\/wp-json\/wp\/v2\/comments?post=21450"}],"version-history":[{"count":2,"href":"https:\/\/www.ifbaiano.edu.br\/unidades\/lapa\/wp-json\/wp\/v2\/posts\/21450\/revisions"}],"predecessor-version":[{"id":21453,"href":"https:\/\/www.ifbaiano.edu.br\/unidades\/lapa\/wp-json\/wp\/v2\/posts\/21450\/revisions\/21453"}],"wp:featuredmedia":[{"embeddable":true,"href":"https:\/\/www.ifbaiano.edu.br\/unidades\/lapa\/wp-json\/wp\/v2\/media\/21452"}],"wp:attachment":[{"href":"https:\/\/www.ifbaiano.edu.br\/unidades\/lapa\/wp-json\/wp\/v2\/media?parent=21450"}],"wp:term":[{"taxonomy":"category","embeddable":true,"href":"https:\/\/www.ifbaiano.edu.br\/unidades\/lapa\/wp-json\/wp\/v2\/categories?post=21450"},{"taxonomy":"post_tag","embeddable":true,"href":"https:\/\/www.ifbaiano.edu.br\/unidades\/lapa\/wp-json\/wp\/v2\/tags?post=21450"}],"curies":[{"name":"wp","href":"https:\/\/api.w.org\/{rel}","templated":true}]}}