{"id":2147,"date":"2014-03-22T18:47:41","date_gmt":"2014-03-22T20:47:41","guid":{"rendered":"http:\/\/www.ifbaiano.edu.br\/unidades\/lapa\/?p=2147"},"modified":"2014-03-22T18:47:41","modified_gmt":"2014-03-22T20:47:41","slug":"fundacao-estudar-inscreve-para-bolsas-de-estudos","status":"publish","type":"post","link":"https:\/\/www.ifbaiano.edu.br\/unidades\/lapa\/2014\/03\/22\/fundacao-estudar-inscreve-para-bolsas-de-estudos\/","title":{"rendered":"Funda\u00e7\u00e3o Estudar inscreve para bolsas de estudos"},"content":{"rendered":"<p>At\u00e9 o final de mar\u00e7o deste ano, a Funda\u00e7\u00e3o Estudar est\u00e1 com inscri\u00e7\u00f5es abertas para o seu Programa de bolsas de Estudos.<\/p>\n<p><!--more--><a href=\"http:\/\/www.ifbaiano.edu.br\/unidades\/lapa\/files\/2014\/03\/estudar.jpg\"><img decoding=\"async\" loading=\"lazy\" class=\"alignleft size-medium wp-image-2148\" src=\"http:\/\/www.ifbaiano.edu.br\/unidades\/lapa\/files\/2014\/03\/estudar-300x175.jpg\" alt=\"\" width=\"300\" height=\"175\" srcset=\"https:\/\/www.ifbaiano.edu.br\/unidades\/lapa\/files\/2014\/03\/estudar-300x175.jpg 300w, https:\/\/www.ifbaiano.edu.br\/unidades\/lapa\/files\/2014\/03\/estudar-400x233.jpg 400w, https:\/\/www.ifbaiano.edu.br\/unidades\/lapa\/files\/2014\/03\/estudar.jpg 720w\" sizes=\"(max-width: 300px) 100vw, 300px\" \/><\/a>Para participar, os interessados devem acessar a p\u00e1gina da Funda\u00e7\u00e3o Estudar e efetuar inscri\u00e7\u00e3o para o processo seletivo. Criada em 1991 por Jorge Paulo Lemann, Marcel Telles e Beto Sicupira, a Funda\u00e7\u00e3o Estudar \u00e9 uma organiza\u00e7\u00e3o que tem como objetivo potencializar jovens talentos, oferecendo oportunidades de estudo e carreira quem desejam transformar o Brasil. J\u00e1 apoiou diretamente quase 600 brasileiros a estudar nas melhores universidades do Brasil e do mundo e que hoje constituem uma comunidade de l\u00edderes de diversas \u00e1reas. Saiba mais acesse a p\u00e1gina da <a href=\"https:\/\/www.facebook.com\/fundacaoestudar\/photos\/p.756710984347184\/756710984347184\/?type=1&amp;theater\">Funda\u00e7\u00e3o Estudar no Facebook.<\/a><\/p>\n<p>&nbsp;<\/p>\n<p>Fonte: Site da Funda\u00e7\u00e3o<\/p>\n","protected":false},"excerpt":{"rendered":"<p>At\u00e9 o final de mar\u00e7o deste ano, a Funda\u00e7\u00e3o Estudar est\u00e1 com inscri\u00e7\u00f5es abertas para o seu Programa de bolsas de Estudos.<\/p>\n","protected":false},"author":36,"featured_media":0,"comment_status":"open","ping_status":"open","sticky":false,"template":"","format":"standard","meta":[],"categories":[1],"tags":[],"_links":{"self":[{"href":"https:\/\/www.ifbaiano.edu.br\/unidades\/lapa\/wp-json\/wp\/v2\/posts\/2147"}],"collection":[{"href":"https:\/\/www.ifbaiano.edu.br\/unidades\/lapa\/wp-json\/wp\/v2\/posts"}],"about":[{"href":"https:\/\/www.ifbaiano.edu.br\/unidades\/lapa\/wp-json\/wp\/v2\/types\/post"}],"author":[{"embeddable":true,"href":"https:\/\/www.ifbaiano.edu.br\/unidades\/lapa\/wp-json\/wp\/v2\/users\/36"}],"replies":[{"embeddable":true,"href":"https:\/\/www.ifbaiano.edu.br\/unidades\/lapa\/wp-json\/wp\/v2\/comments?post=2147"}],"version-history":[{"count":2,"href":"https:\/\/www.ifbaiano.edu.br\/unidades\/lapa\/wp-json\/wp\/v2\/posts\/2147\/revisions"}],"predecessor-version":[{"id":2150,"href":"https:\/\/www.ifbaiano.edu.br\/unidades\/lapa\/wp-json\/wp\/v2\/posts\/2147\/revisions\/2150"}],"wp:attachment":[{"href":"https:\/\/www.ifbaiano.edu.br\/unidades\/lapa\/wp-json\/wp\/v2\/media?parent=2147"}],"wp:term":[{"taxonomy":"category","embeddable":true,"href":"https:\/\/www.ifbaiano.edu.br\/unidades\/lapa\/wp-json\/wp\/v2\/categories?post=2147"},{"taxonomy":"post_tag","embeddable":true,"href":"https:\/\/www.ifbaiano.edu.br\/unidades\/lapa\/wp-json\/wp\/v2\/tags?post=2147"}],"curies":[{"name":"wp","href":"https:\/\/api.w.org\/{rel}","templated":true}]}}