{"id":21482,"date":"2021-10-19T17:28:22","date_gmt":"2021-10-19T20:28:22","guid":{"rendered":"https:\/\/www.ifbaiano.edu.br\/unidades\/lapa\/?p=21482"},"modified":"2021-10-19T17:30:40","modified_gmt":"2021-10-19T20:30:40","slug":"live-sobre-paise-auxilio-inclusao-digital","status":"publish","type":"post","link":"https:\/\/www.ifbaiano.edu.br\/unidades\/lapa\/2021\/10\/19\/live-sobre-paise-auxilio-inclusao-digital\/","title":{"rendered":"Live sobre Editais PAISE E Aux\u00edlio Inclus\u00e3o Digital"},"content":{"rendered":"\n<p align=\"justify\">O IF Baiano <em>Campus<\/em> Bom Jesus da Lapa promover\u00e1 live no canal do Youtube para prestar esclarecimentos sobre o Edital n\u00famero 12, referente ao PAISE 2021, e Edital n\u00famero 13, do Aux\u00edlio Inclus\u00e3o Digital 2021.<\/p>\n<p align=\"justify\"><strong>Palestrante:<\/strong> Rodrigo Vasconcelos Stolze da Concei\u00e7\u00e3o (Presidente da Comiss\u00e3o Local de Assist\u00eancia Estudantil &#8211; CLAE)<\/p>\n<p align=\"justify\"><strong>Mediador:<\/strong> Emerson Alves dos Santos (Diretor Acad\u00eamico)<\/p>\n<p align=\"justify\"><strong>Interpretes de <span style=\"text-transform:uppercase\">Libras<\/span>:<\/strong>\n<br>Ivonete Souza\n<br>Julianno Lima\n<br>Luciana Cardial<\/p>\n<p align=\"justify\"><strong>Data:<\/strong> 21\/10\/2021<\/p>\n<p align=\"justify\"><strong>Hor\u00e1rio:<\/strong> 17 horas<\/p>\n\n\n\n<figure class=\"wp-block-embed is-type-video is-provider-youtube wp-block-embed-youtube wp-embed-aspect-16-9 wp-has-aspect-ratio\"><div class=\"wp-block-embed__wrapper\">\n<iframe loading=\"lazy\" title=\"Esclarecimento sobre Edital 12\/ 2021 e 13\/2021 - PAISE e Aux\u00edlio Inclus\u00e3o Digital 2021\" width=\"500\" height=\"281\" src=\"https:\/\/www.youtube.com\/embed\/beW5twF81sQ?feature=oembed\" frameborder=\"0\" allow=\"accelerometer; autoplay; clipboard-write; encrypted-media; gyroscope; picture-in-picture\" allowfullscreen><\/iframe>\n<\/div><\/figure>\n","protected":false},"excerpt":{"rendered":"<p>O IF Baiano Campus Bom Jesus da Lapa promover\u00e1 live no canal do Youtube para prestar esclarecimentos sobre o Edital n\u00famero 12, referente ao PAISE 2021, e Edital n\u00famero 13, do Aux\u00edlio Inclus\u00e3o Digital 2021. Palestrante: Rodrigo Vasconcelos Stolze da Concei\u00e7\u00e3o (Presidente da Comiss\u00e3o Local de Assist\u00eancia Estudantil &#8211; CLAE) Mediador: Emerson Alves dos Santos [&hellip;]<\/p>\n","protected":false},"author":100,"featured_media":21486,"comment_status":"open","ping_status":"open","sticky":false,"template":"","format":"standard","meta":[],"categories":[32,64,24,65],"tags":[],"_links":{"self":[{"href":"https:\/\/www.ifbaiano.edu.br\/unidades\/lapa\/wp-json\/wp\/v2\/posts\/21482"}],"collection":[{"href":"https:\/\/www.ifbaiano.edu.br\/unidades\/lapa\/wp-json\/wp\/v2\/posts"}],"about":[{"href":"https:\/\/www.ifbaiano.edu.br\/unidades\/lapa\/wp-json\/wp\/v2\/types\/post"}],"author":[{"embeddable":true,"href":"https:\/\/www.ifbaiano.edu.br\/unidades\/lapa\/wp-json\/wp\/v2\/users\/100"}],"replies":[{"embeddable":true,"href":"https:\/\/www.ifbaiano.edu.br\/unidades\/lapa\/wp-json\/wp\/v2\/comments?post=21482"}],"version-history":[{"count":4,"href":"https:\/\/www.ifbaiano.edu.br\/unidades\/lapa\/wp-json\/wp\/v2\/posts\/21482\/revisions"}],"predecessor-version":[{"id":21488,"href":"https:\/\/www.ifbaiano.edu.br\/unidades\/lapa\/wp-json\/wp\/v2\/posts\/21482\/revisions\/21488"}],"wp:featuredmedia":[{"embeddable":true,"href":"https:\/\/www.ifbaiano.edu.br\/unidades\/lapa\/wp-json\/wp\/v2\/media\/21486"}],"wp:attachment":[{"href":"https:\/\/www.ifbaiano.edu.br\/unidades\/lapa\/wp-json\/wp\/v2\/media?parent=21482"}],"wp:term":[{"taxonomy":"category","embeddable":true,"href":"https:\/\/www.ifbaiano.edu.br\/unidades\/lapa\/wp-json\/wp\/v2\/categories?post=21482"},{"taxonomy":"post_tag","embeddable":true,"href":"https:\/\/www.ifbaiano.edu.br\/unidades\/lapa\/wp-json\/wp\/v2\/tags?post=21482"}],"curies":[{"name":"wp","href":"https:\/\/api.w.org\/{rel}","templated":true}]}}