{"id":21493,"date":"2021-10-21T13:28:25","date_gmt":"2021-10-21T16:28:25","guid":{"rendered":"https:\/\/www.ifbaiano.edu.br\/unidades\/lapa\/?p=21493"},"modified":"2021-11-24T10:31:07","modified_gmt":"2021-11-24T13:31:07","slug":"ii-siepex","status":"publish","type":"post","link":"https:\/\/www.ifbaiano.edu.br\/unidades\/lapa\/2021\/10\/21\/ii-siepex\/","title":{"rendered":"Campus Bom Jesus da Lapa promove o II Simp\u00f3sio de Ensino, Pesquisa e Extens\u00e3o"},"content":{"rendered":"\n<p align=\"justify\">O II Simp\u00f3sio de Ensino, Pesquisa e Extens\u00e3o do IF Baiano <em>Campus<\/em> Bom Jesus da Lapa (SIMPEEX) \u00e9 um evento t\u00e9cnico-cient\u00edfico, que busca proporcionar aos estudantes, professores, pesquisadores, profissionais liberais e o p\u00fablico em geral, uma discuss\u00e3o atualizada sobre as perspectivas e desafios da educa\u00e7\u00e3o, ci\u00eancia e da extens\u00e3o no contexto da sociedade do conhecimento. O Simpeex almeja, ainda, cumprir sua miss\u00e3o de promover junto ao seu p\u00fablico um intenso debate e reflex\u00e3o sobre a Ci\u00eancia e a Tecnologia, com o objetivo de estimular a curiosidade e motivar a comunidade a discutir as implica\u00e7\u00f5es sociais da Ci\u00eancia, al\u00e9m de aprofundarem seus conhecimentos sobre o tema. O evento possibilitar\u00e1 tamb\u00e9m a socializa\u00e7\u00e3o de produ\u00e7\u00f5es cientificas da comunidade acad\u00eamica interna e externa do IF Baiano, de modo a fortalecer a sua inter-rela\u00e7\u00e3o e promover a indissociabilidade entre o ensino, a pesquisa e a extens\u00e3o.<\/p>\n<p align=\"justify\">Per\u00edodo de inscri\u00e7\u00f5es para participantes: 15 de outubro a 01 de dezembro de 2021.<\/p>\n<p align=\"justify\"><a href=\"https:\/\/suap.ifbaiano.edu.br\/eventos\/inscricao_publica\/249\/\" target=\"_blank\" rel=\"noopener\">Link de inscri\u00e7\u00f5es de participantes (site externo, abre em nova aba)<\/p>\n","protected":false},"excerpt":{"rendered":"<p>O II Simp\u00f3sio de Ensino, Pesquisa e Extens\u00e3o do IF Baiano Campus Bom Jesus da Lapa (SIMPEEX) \u00e9 um evento t\u00e9cnico-cient\u00edfico, que busca proporcionar aos estudantes, professores, pesquisadores, profissionais liberais e o p\u00fablico em geral, uma discuss\u00e3o atualizada sobre as perspectivas e desafios da educa\u00e7\u00e3o, ci\u00eancia e da extens\u00e3o no contexto da sociedade do conhecimento. [&hellip;]<\/p>\n","protected":false},"author":100,"featured_media":21496,"comment_status":"open","ping_status":"open","sticky":false,"template":"","format":"standard","meta":[],"categories":[41,64,39,24,40,65],"tags":[],"_links":{"self":[{"href":"https:\/\/www.ifbaiano.edu.br\/unidades\/lapa\/wp-json\/wp\/v2\/posts\/21493"}],"collection":[{"href":"https:\/\/www.ifbaiano.edu.br\/unidades\/lapa\/wp-json\/wp\/v2\/posts"}],"about":[{"href":"https:\/\/www.ifbaiano.edu.br\/unidades\/lapa\/wp-json\/wp\/v2\/types\/post"}],"author":[{"embeddable":true,"href":"https:\/\/www.ifbaiano.edu.br\/unidades\/lapa\/wp-json\/wp\/v2\/users\/100"}],"replies":[{"embeddable":true,"href":"https:\/\/www.ifbaiano.edu.br\/unidades\/lapa\/wp-json\/wp\/v2\/comments?post=21493"}],"version-history":[{"count":3,"href":"https:\/\/www.ifbaiano.edu.br\/unidades\/lapa\/wp-json\/wp\/v2\/posts\/21493\/revisions"}],"predecessor-version":[{"id":21498,"href":"https:\/\/www.ifbaiano.edu.br\/unidades\/lapa\/wp-json\/wp\/v2\/posts\/21493\/revisions\/21498"}],"wp:featuredmedia":[{"embeddable":true,"href":"https:\/\/www.ifbaiano.edu.br\/unidades\/lapa\/wp-json\/wp\/v2\/media\/21496"}],"wp:attachment":[{"href":"https:\/\/www.ifbaiano.edu.br\/unidades\/lapa\/wp-json\/wp\/v2\/media?parent=21493"}],"wp:term":[{"taxonomy":"category","embeddable":true,"href":"https:\/\/www.ifbaiano.edu.br\/unidades\/lapa\/wp-json\/wp\/v2\/categories?post=21493"},{"taxonomy":"post_tag","embeddable":true,"href":"https:\/\/www.ifbaiano.edu.br\/unidades\/lapa\/wp-json\/wp\/v2\/tags?post=21493"}],"curies":[{"name":"wp","href":"https:\/\/api.w.org\/{rel}","templated":true}]}}