{"id":21499,"date":"2021-10-22T15:25:14","date_gmt":"2021-10-22T18:25:14","guid":{"rendered":"https:\/\/www.ifbaiano.edu.br\/unidades\/lapa\/?p=21499"},"modified":"2021-10-22T15:31:13","modified_gmt":"2021-10-22T18:31:13","slug":"aula-inaugural-2021-1-curso-tecnico-de-vendas-ead","status":"publish","type":"post","link":"https:\/\/www.ifbaiano.edu.br\/unidades\/lapa\/2021\/10\/22\/aula-inaugural-2021-1-curso-tecnico-de-vendas-ead\/","title":{"rendered":"Aula Inaugural 2021.1. Curso T\u00e9cnico de Vendas EaD"},"content":{"rendered":"\n<p align=\"justify\">Convidamos os ingressantes do curso t\u00e9cnico de Vendas modalidade EaD do <em>Campus<\/em> Bom Jesus da Lapa e servidores para participarem da aula inaugural do semestre letivo 2021.1, a realizar-se no dia 25\/10\/2021, \u00e0s 18:00 horas, conforme o card abaixo. Durante esse momento os estudantes ter\u00e3o oportunidade de conhecer um pouco mais sobre os cursos ofertados, infraestrutura da escola, os programas de assist\u00eancia estudantil, ambiente virtual de aprendizagem e as outras a\u00e7\u00f5es vinculadas as atividades acad\u00eamicas e administrativas institucionais. O evento contar\u00e1 tamb\u00e9m com a participa\u00e7\u00e3o do professor Ant\u00f4nio Carlos da Silva Costa de Souza, atualmente Diretor de Educa\u00e7\u00e3o a Dist\u00e2ncia (DEaD) do IF Baiano.<\/p>\n<p align=\"justify\">A transmiss\u00e3o ser\u00e1 realizada no canal do Youtube do IF Baiano <em>Campus<\/em> Bom Jesus da Lapa<\/p>\n\n\n\n<figure class=\"wp-block-image size-full\"><img decoding=\"async\" loading=\"lazy\" width=\"583\" height=\"587\" src=\"https:\/\/www.ifbaiano.edu.br\/unidades\/lapa\/files\/2021\/10\/live-vendas.jpeg\" alt=\"\" class=\"wp-image-21503\" \/><\/figure>\n\n\n\n<figure class=\"wp-block-embed is-type-video is-provider-youtube wp-block-embed-youtube wp-embed-aspect-16-9 wp-has-aspect-ratio\"><div class=\"wp-block-embed__wrapper\">\n<iframe loading=\"lazy\" title=\"Aula Inaugural do Curso T\u00e9cnico de Vendas modalidade EaD \u2013 Ano 2021.1\" width=\"500\" height=\"281\" src=\"https:\/\/www.youtube.com\/embed\/MAZ6wSdry64?feature=oembed\" frameborder=\"0\" allow=\"accelerometer; autoplay; clipboard-write; encrypted-media; gyroscope; picture-in-picture\" allowfullscreen><\/iframe>\n<\/div><\/figure>\n","protected":false},"excerpt":{"rendered":"<p>Convidamos os ingressantes do curso t\u00e9cnico de Vendas modalidade EaD do Campus Bom Jesus da Lapa e servidores para participarem da aula inaugural do semestre letivo 2021.1, a realizar-se no dia 25\/10\/2021, \u00e0s 18:00 horas, conforme o card abaixo. Durante esse momento os estudantes ter\u00e3o oportunidade de conhecer um pouco mais sobre os cursos ofertados, [&hellip;]<\/p>\n","protected":false},"author":100,"featured_media":21503,"comment_status":"open","ping_status":"open","sticky":false,"template":"","format":"standard","meta":[],"categories":[41,64,39,72,24,65],"tags":[],"_links":{"self":[{"href":"https:\/\/www.ifbaiano.edu.br\/unidades\/lapa\/wp-json\/wp\/v2\/posts\/21499"}],"collection":[{"href":"https:\/\/www.ifbaiano.edu.br\/unidades\/lapa\/wp-json\/wp\/v2\/posts"}],"about":[{"href":"https:\/\/www.ifbaiano.edu.br\/unidades\/lapa\/wp-json\/wp\/v2\/types\/post"}],"author":[{"embeddable":true,"href":"https:\/\/www.ifbaiano.edu.br\/unidades\/lapa\/wp-json\/wp\/v2\/users\/100"}],"replies":[{"embeddable":true,"href":"https:\/\/www.ifbaiano.edu.br\/unidades\/lapa\/wp-json\/wp\/v2\/comments?post=21499"}],"version-history":[{"count":4,"href":"https:\/\/www.ifbaiano.edu.br\/unidades\/lapa\/wp-json\/wp\/v2\/posts\/21499\/revisions"}],"predecessor-version":[{"id":21504,"href":"https:\/\/www.ifbaiano.edu.br\/unidades\/lapa\/wp-json\/wp\/v2\/posts\/21499\/revisions\/21504"}],"wp:featuredmedia":[{"embeddable":true,"href":"https:\/\/www.ifbaiano.edu.br\/unidades\/lapa\/wp-json\/wp\/v2\/media\/21503"}],"wp:attachment":[{"href":"https:\/\/www.ifbaiano.edu.br\/unidades\/lapa\/wp-json\/wp\/v2\/media?parent=21499"}],"wp:term":[{"taxonomy":"category","embeddable":true,"href":"https:\/\/www.ifbaiano.edu.br\/unidades\/lapa\/wp-json\/wp\/v2\/categories?post=21499"},{"taxonomy":"post_tag","embeddable":true,"href":"https:\/\/www.ifbaiano.edu.br\/unidades\/lapa\/wp-json\/wp\/v2\/tags?post=21499"}],"curies":[{"name":"wp","href":"https:\/\/api.w.org\/{rel}","templated":true}]}}