{"id":21518,"date":"2021-10-28T10:24:31","date_gmt":"2021-10-28T13:24:31","guid":{"rendered":"https:\/\/www.ifbaiano.edu.br\/unidades\/lapa\/?p=21518"},"modified":"2021-10-28T11:12:03","modified_gmt":"2021-10-28T14:12:03","slug":"inscricoes-para-compor-comissoes-eleitorais-locais-eleicoes-2022-2026","status":"publish","type":"post","link":"https:\/\/www.ifbaiano.edu.br\/unidades\/lapa\/2021\/10\/28\/inscricoes-para-compor-comissoes-eleitorais-locais-eleicoes-2022-2026\/","title":{"rendered":"Inscri\u00e7\u00f5es para compor comiss\u00f5es eleitorais locais &#8211; Elei\u00e7\u00f5es 2022-2026"},"content":{"rendered":"\n<p align=\"justify\">O Reitor Substituto do Instituto Federal Baiano publicou, no \u00faltimo dia 25\/10, o Edital n\u00ba 150, de 25 de outubro de 2021, que torna p\u00fablico o processo de escolha dos representantes docentes, t\u00e9cnico-administrativos e discentes para composi\u00e7\u00e3o das comiss\u00f5es eleitorais, respons\u00e1veis pela condu\u00e7\u00e3o do processo de consulta para os cargos de Reitor e Diretor-Geral dos campi, no \u00e2mbito do Instituto Federal Baiano, para o mandato 2022-2026.<\/p>\n<p align=\"justify\">As inscri\u00e7\u00f5es ocorrer\u00e3o mediante envio do Formul\u00e1rio de Inscri\u00e7\u00e3o (Anexo II) preenchido para o e-mail &lt;comissao.consup@ifbaiano.edu.br&gt;, no dia 28 de outubro de 2021. O Edital e formul\u00e1rio de inscri\u00e7\u00e3o encontra-se dispon\u00edvel em: &lt;<a target=\"_blank\" href=\"https:\/\/concurso.ifbaiano.edu.br\/portal\/comissoes-eleitorais-2021\/\" rel=\"noreferrer noopener\">https:\/\/concurso.ifbaiano.edu.br\/portal\/comissoes-eleitorais-2021\/<\/a>&gt;.<\/p>\n","protected":false},"excerpt":{"rendered":"<p>O Reitor Substituto do Instituto Federal Baiano publicou, no \u00faltimo dia 25\/10, o Edital n\u00ba 150, de 25 de outubro de 2021, que torna p\u00fablico o processo de escolha dos representantes docentes, t\u00e9cnico-administrativos e discentes para composi\u00e7\u00e3o das comiss\u00f5es eleitorais, respons\u00e1veis pela condu\u00e7\u00e3o do processo de consulta para os cargos de Reitor e Diretor-Geral dos [&hellip;]<\/p>\n","protected":false},"author":100,"featured_media":21522,"comment_status":"open","ping_status":"open","sticky":false,"template":"","format":"standard","meta":[],"categories":[34,64,24,65],"tags":[],"_links":{"self":[{"href":"https:\/\/www.ifbaiano.edu.br\/unidades\/lapa\/wp-json\/wp\/v2\/posts\/21518"}],"collection":[{"href":"https:\/\/www.ifbaiano.edu.br\/unidades\/lapa\/wp-json\/wp\/v2\/posts"}],"about":[{"href":"https:\/\/www.ifbaiano.edu.br\/unidades\/lapa\/wp-json\/wp\/v2\/types\/post"}],"author":[{"embeddable":true,"href":"https:\/\/www.ifbaiano.edu.br\/unidades\/lapa\/wp-json\/wp\/v2\/users\/100"}],"replies":[{"embeddable":true,"href":"https:\/\/www.ifbaiano.edu.br\/unidades\/lapa\/wp-json\/wp\/v2\/comments?post=21518"}],"version-history":[{"count":5,"href":"https:\/\/www.ifbaiano.edu.br\/unidades\/lapa\/wp-json\/wp\/v2\/posts\/21518\/revisions"}],"predecessor-version":[{"id":21524,"href":"https:\/\/www.ifbaiano.edu.br\/unidades\/lapa\/wp-json\/wp\/v2\/posts\/21518\/revisions\/21524"}],"wp:featuredmedia":[{"embeddable":true,"href":"https:\/\/www.ifbaiano.edu.br\/unidades\/lapa\/wp-json\/wp\/v2\/media\/21522"}],"wp:attachment":[{"href":"https:\/\/www.ifbaiano.edu.br\/unidades\/lapa\/wp-json\/wp\/v2\/media?parent=21518"}],"wp:term":[{"taxonomy":"category","embeddable":true,"href":"https:\/\/www.ifbaiano.edu.br\/unidades\/lapa\/wp-json\/wp\/v2\/categories?post=21518"},{"taxonomy":"post_tag","embeddable":true,"href":"https:\/\/www.ifbaiano.edu.br\/unidades\/lapa\/wp-json\/wp\/v2\/tags?post=21518"}],"curies":[{"name":"wp","href":"https:\/\/api.w.org\/{rel}","templated":true}]}}