{"id":21529,"date":"2021-10-29T22:07:26","date_gmt":"2021-10-30T01:07:26","guid":{"rendered":"https:\/\/www.ifbaiano.edu.br\/unidades\/lapa\/?p=21529"},"modified":"2021-10-29T22:17:23","modified_gmt":"2021-10-30T01:17:23","slug":"plano-de-contingencia-local","status":"publish","type":"post","link":"https:\/\/www.ifbaiano.edu.br\/unidades\/lapa\/2021\/10\/29\/plano-de-contingencia-local\/","title":{"rendered":"Plano de Conting\u00eancia Local &#8211; Protocolo Setorial &#8211; Campus Bom Jesus da Lapa para o retorno das atividades presenciais (acad\u00eamicas e administrativas)"},"content":{"rendered":"\n<p align=\"justify\">O Diretor-Geral do Instituto Federal Baiano &#8211; Campus Bom Jesus da Lapa aprovou nesta data (29\/10), o <strong>Plano de Conting\u00eancia Local &#8211; Protocolo Setorial &#8211; Campus Bom Jesus da Lapa<\/strong> para o retorno das atividades presenciais (acad\u00eamicas e administrativas) e \u00e0 preven\u00e7\u00e3o \u00e0 dissemina\u00e7\u00e3o do novo Coronav\u00edrus no ambiente escolar, enquanto perdurar a situa\u00e7\u00e3o de excepcionalidade provocada pela pandemia da Covid-19 (Sars-Cov-2).<br>O documento foi elaborado pelo Comit\u00ea Local de Acompanhamento da Amea\u00e7a do Coronav\u00edrus (COVID-19) deste campus e foi aprovado pela Dire\u00e7\u00e3o-Geral, conforme Portaria 103\/2021 &#8211; BJL-GAB\/BJL-DG\/RET\/IFBAIANO, de 29 de outubro de 2021.&nbsp;<\/p>\n<p align=\"justify\">O Plano de Contingenciamento &#8211;&nbsp;Protocolo Setorial&nbsp; traz como objetivo orientar a comunidade&nbsp;interna e externa, usu\u00e1rias dos servi\u00e7os do campus,&nbsp; para a manuten\u00e7\u00e3o de um ambiente institucional seguro e saud\u00e1vel, no contexto da Covid-19, estabelecendo procedimentos para retorno gradual e seguro das atividades presenciais, com a ado\u00e7\u00e3o de medidas de preven\u00e7\u00e3o e conten\u00e7\u00e3o da transmiss\u00e3o do Covid-19, seguindo as orienta\u00e7\u00f5es dadas pelas autoridades federais, estaduais e municipais de sa\u00fade.<\/p>\n<p align=\"justify\">Acesse aqui a \u00edntegra do documento:<\/p>\n<p align=\"justify\"><a href=\"https:\/\/www.ifbaiano.edu.br\/unidades\/lapa\/files\/2021\/10\/plano-contingencia-local-protocolo-setorial-BJL.pdf\" target=\"_blank\" rel=\"noopener\">Plano de Conting\u00eancia Local &#8211; Protocolo Setorial &#8211; Campus Bom Jesus da Lapa (documento pdf, abre em nova aba)<\/a><\/p>\n<p align=\"justify\"><a href=\"https:\/\/www.ifbaiano.edu.br\/unidades\/lapa\/files\/2021\/10\/portaria-103-2021.pdf\" target=\"_blank\" rel=\"noopener\">Portaria 103\/2021 &#8211;  Aprova o Plano de Conting\u00eancia Local &#8211; Protocolo Setorial &#8211; Campus Bom Jesus da Lapa (documento pdf, abre em nova aba)<\/a><\/p>\n","protected":false},"excerpt":{"rendered":"<p>O Diretor-Geral do Instituto Federal Baiano &#8211; Campus Bom Jesus da Lapa aprovou nesta data (29\/10), o Plano de Conting\u00eancia Local &#8211; Protocolo Setorial &#8211; Campus Bom Jesus da Lapa para o retorno das atividades presenciais (acad\u00eamicas e administrativas) e \u00e0 preven\u00e7\u00e3o \u00e0 dissemina\u00e7\u00e3o do novo Coronav\u00edrus no ambiente escolar, enquanto perdurar a situa\u00e7\u00e3o de [&hellip;]<\/p>\n","protected":false},"author":100,"featured_media":0,"comment_status":"open","ping_status":"open","sticky":false,"template":"","format":"standard","meta":[],"categories":[64,30,24,65],"tags":[],"_links":{"self":[{"href":"https:\/\/www.ifbaiano.edu.br\/unidades\/lapa\/wp-json\/wp\/v2\/posts\/21529"}],"collection":[{"href":"https:\/\/www.ifbaiano.edu.br\/unidades\/lapa\/wp-json\/wp\/v2\/posts"}],"about":[{"href":"https:\/\/www.ifbaiano.edu.br\/unidades\/lapa\/wp-json\/wp\/v2\/types\/post"}],"author":[{"embeddable":true,"href":"https:\/\/www.ifbaiano.edu.br\/unidades\/lapa\/wp-json\/wp\/v2\/users\/100"}],"replies":[{"embeddable":true,"href":"https:\/\/www.ifbaiano.edu.br\/unidades\/lapa\/wp-json\/wp\/v2\/comments?post=21529"}],"version-history":[{"count":3,"href":"https:\/\/www.ifbaiano.edu.br\/unidades\/lapa\/wp-json\/wp\/v2\/posts\/21529\/revisions"}],"predecessor-version":[{"id":21536,"href":"https:\/\/www.ifbaiano.edu.br\/unidades\/lapa\/wp-json\/wp\/v2\/posts\/21529\/revisions\/21536"}],"wp:attachment":[{"href":"https:\/\/www.ifbaiano.edu.br\/unidades\/lapa\/wp-json\/wp\/v2\/media?parent=21529"}],"wp:term":[{"taxonomy":"category","embeddable":true,"href":"https:\/\/www.ifbaiano.edu.br\/unidades\/lapa\/wp-json\/wp\/v2\/categories?post=21529"},{"taxonomy":"post_tag","embeddable":true,"href":"https:\/\/www.ifbaiano.edu.br\/unidades\/lapa\/wp-json\/wp\/v2\/tags?post=21529"}],"curies":[{"name":"wp","href":"https:\/\/api.w.org\/{rel}","templated":true}]}}