{"id":21550,"date":"2021-11-05T13:37:40","date_gmt":"2021-11-05T16:37:40","guid":{"rendered":"https:\/\/www.ifbaiano.edu.br\/unidades\/lapa\/?p=21550"},"modified":"2021-11-05T13:40:09","modified_gmt":"2021-11-05T16:40:09","slug":"revista-velho-chico-lanca-o-segundo-numero-de-artigos-do-ano-2021","status":"publish","type":"post","link":"https:\/\/www.ifbaiano.edu.br\/unidades\/lapa\/2021\/11\/05\/revista-velho-chico-lanca-o-segundo-numero-de-artigos-do-ano-2021\/","title":{"rendered":"Revista Velho Chico lan\u00e7a o segundo n\u00famero de artigos do ano 2021"},"content":{"rendered":"\n<p><p align=\"justify\">\u00c9 com satisfa\u00e7\u00e3o que o corpo editorial apresenta o v.1 n.2 da Revista Velho Chico. Este n\u00famero \u00e9 composto por publica\u00e7\u00f5es de resenhas, artigos cient\u00edficos in\u00e9ditos e originais, produtos de estudos te\u00f3ricos e pesquisas conclu\u00eddas envolvendo as tem\u00e1ticas \u201cGest\u00e3o, Ensino, Pesquisa e Extens\u00e3o na contemporaneidade: experi\u00eancias constru\u00eddas em tempos de pandemia\u201d. O v.1 n\u00famero 2 do peri\u00f3dico \u00e9 composto por uma colet\u00e2nea de 13 trabalhos, nas \u00e1reas de Ci\u00eancias Humanas, Educa\u00e7\u00e3o e Ci\u00eancias Agr\u00e1rias. O Link para acesso \u00e9 o seguinte: <a rel=\"noreferrer noopener\" href=\"http:\/\/tvc.lapa.ifbaiano.edu.br\/ojs\/index.php\/rvc\" target=\"_blank\">http:\/\/tvc.lapa.ifbaiano.edu.br\/ojs\/index.php\/rvc<\/a><\/p><\/p>\n","protected":false},"excerpt":{"rendered":"<p>\u00c9 com satisfa\u00e7\u00e3o que o corpo editorial apresenta o v.1 n.2 da Revista Velho Chico. Este n\u00famero \u00e9 composto por publica\u00e7\u00f5es de resenhas, artigos cient\u00edficos in\u00e9ditos e originais, produtos de estudos te\u00f3ricos e pesquisas conclu\u00eddas envolvendo as tem\u00e1ticas \u201cGest\u00e3o, Ensino, Pesquisa e Extens\u00e3o na contemporaneidade: experi\u00eancias constru\u00eddas em tempos de pandemia\u201d. O v.1 n\u00famero 2 [&hellip;]<\/p>\n","protected":false},"author":100,"featured_media":21552,"comment_status":"open","ping_status":"open","sticky":false,"template":"","format":"standard","meta":[],"categories":[64,24,40,65],"tags":[],"_links":{"self":[{"href":"https:\/\/www.ifbaiano.edu.br\/unidades\/lapa\/wp-json\/wp\/v2\/posts\/21550"}],"collection":[{"href":"https:\/\/www.ifbaiano.edu.br\/unidades\/lapa\/wp-json\/wp\/v2\/posts"}],"about":[{"href":"https:\/\/www.ifbaiano.edu.br\/unidades\/lapa\/wp-json\/wp\/v2\/types\/post"}],"author":[{"embeddable":true,"href":"https:\/\/www.ifbaiano.edu.br\/unidades\/lapa\/wp-json\/wp\/v2\/users\/100"}],"replies":[{"embeddable":true,"href":"https:\/\/www.ifbaiano.edu.br\/unidades\/lapa\/wp-json\/wp\/v2\/comments?post=21550"}],"version-history":[{"count":2,"href":"https:\/\/www.ifbaiano.edu.br\/unidades\/lapa\/wp-json\/wp\/v2\/posts\/21550\/revisions"}],"predecessor-version":[{"id":21553,"href":"https:\/\/www.ifbaiano.edu.br\/unidades\/lapa\/wp-json\/wp\/v2\/posts\/21550\/revisions\/21553"}],"wp:featuredmedia":[{"embeddable":true,"href":"https:\/\/www.ifbaiano.edu.br\/unidades\/lapa\/wp-json\/wp\/v2\/media\/21552"}],"wp:attachment":[{"href":"https:\/\/www.ifbaiano.edu.br\/unidades\/lapa\/wp-json\/wp\/v2\/media?parent=21550"}],"wp:term":[{"taxonomy":"category","embeddable":true,"href":"https:\/\/www.ifbaiano.edu.br\/unidades\/lapa\/wp-json\/wp\/v2\/categories?post=21550"},{"taxonomy":"post_tag","embeddable":true,"href":"https:\/\/www.ifbaiano.edu.br\/unidades\/lapa\/wp-json\/wp\/v2\/tags?post=21550"}],"curies":[{"name":"wp","href":"https:\/\/api.w.org\/{rel}","templated":true}]}}