{"id":21562,"date":"2021-11-08T16:37:15","date_gmt":"2021-11-08T19:37:15","guid":{"rendered":"https:\/\/www.ifbaiano.edu.br\/unidades\/lapa\/?p=21562"},"modified":"2021-11-08T16:37:15","modified_gmt":"2021-11-08T19:37:15","slug":"oficina-como-lidar-com-ansiedade-e-falta-de-concentracao","status":"publish","type":"post","link":"https:\/\/www.ifbaiano.edu.br\/unidades\/lapa\/2021\/11\/08\/oficina-como-lidar-com-ansiedade-e-falta-de-concentracao\/","title":{"rendered":"Oficina: Como lidar com ansiedade e falta de concentra\u00e7\u00e3o?"},"content":{"rendered":"\n<p align=\"justify\">A oficina: Como lidar com ansiedade e falta de concentra\u00e7\u00e3o? foi planejada pelo N\u00facleo de Acompanhamento Psicossocial e Pedag\u00f3gico( NAPSI) ,N\u00facleo de apoio ao processo de ensino, aprendizagem, perman\u00eancia e e \u00eaxito do educando (NUAPE) e N\u00facleo de Atendimento \u00e0s Pessoas com Necessidades Espec\u00edficas (NAPNE) com o objetivo de apresentar estrat\u00e9gias que auxiliem o(a) estudante a desenvolver recursos e exerc\u00edcios para lidar com a ansiedade e melhorar as fun\u00e7\u00f5es cognitivas, como aten\u00e7\u00e3o, mem\u00f3ria e concentra\u00e7\u00e3o.<\/p>\n<p align=\"justify\"><a href=\"https:\/\/suap.ifbaiano.edu.br\/eventos\/inscricao_publica\/284\/\" target=\"_blank\" rel=\"noopener\">Inscri\u00e7\u00e3o para oficina (site externo, abre em nova aba)<\/a><\/p>\n","protected":false},"excerpt":{"rendered":"<p>A oficina: Como lidar com ansiedade e falta de concentra\u00e7\u00e3o? foi planejada pelo N\u00facleo de Acompanhamento Psicossocial e Pedag\u00f3gico( NAPSI) ,N\u00facleo de apoio ao processo de ensino, aprendizagem, perman\u00eancia e e \u00eaxito do educando (NUAPE) e N\u00facleo de Atendimento \u00e0s Pessoas com Necessidades Espec\u00edficas (NAPNE) com o objetivo de apresentar estrat\u00e9gias que auxiliem o(a) estudante [&hellip;]<\/p>\n","protected":false},"author":100,"featured_media":21563,"comment_status":"open","ping_status":"open","sticky":false,"template":"","format":"standard","meta":[],"categories":[64,24,65],"tags":[],"_links":{"self":[{"href":"https:\/\/www.ifbaiano.edu.br\/unidades\/lapa\/wp-json\/wp\/v2\/posts\/21562"}],"collection":[{"href":"https:\/\/www.ifbaiano.edu.br\/unidades\/lapa\/wp-json\/wp\/v2\/posts"}],"about":[{"href":"https:\/\/www.ifbaiano.edu.br\/unidades\/lapa\/wp-json\/wp\/v2\/types\/post"}],"author":[{"embeddable":true,"href":"https:\/\/www.ifbaiano.edu.br\/unidades\/lapa\/wp-json\/wp\/v2\/users\/100"}],"replies":[{"embeddable":true,"href":"https:\/\/www.ifbaiano.edu.br\/unidades\/lapa\/wp-json\/wp\/v2\/comments?post=21562"}],"version-history":[{"count":1,"href":"https:\/\/www.ifbaiano.edu.br\/unidades\/lapa\/wp-json\/wp\/v2\/posts\/21562\/revisions"}],"predecessor-version":[{"id":21564,"href":"https:\/\/www.ifbaiano.edu.br\/unidades\/lapa\/wp-json\/wp\/v2\/posts\/21562\/revisions\/21564"}],"wp:featuredmedia":[{"embeddable":true,"href":"https:\/\/www.ifbaiano.edu.br\/unidades\/lapa\/wp-json\/wp\/v2\/media\/21563"}],"wp:attachment":[{"href":"https:\/\/www.ifbaiano.edu.br\/unidades\/lapa\/wp-json\/wp\/v2\/media?parent=21562"}],"wp:term":[{"taxonomy":"category","embeddable":true,"href":"https:\/\/www.ifbaiano.edu.br\/unidades\/lapa\/wp-json\/wp\/v2\/categories?post=21562"},{"taxonomy":"post_tag","embeddable":true,"href":"https:\/\/www.ifbaiano.edu.br\/unidades\/lapa\/wp-json\/wp\/v2\/tags?post=21562"}],"curies":[{"name":"wp","href":"https:\/\/api.w.org\/{rel}","templated":true}]}}