{"id":21568,"date":"2021-11-16T11:37:14","date_gmt":"2021-11-16T14:37:14","guid":{"rendered":"https:\/\/www.ifbaiano.edu.br\/unidades\/lapa\/?p=21568"},"modified":"2021-11-16T13:47:31","modified_gmt":"2021-11-16T16:47:31","slug":"chamada-publica-01-2021-pnae","status":"publish","type":"post","link":"https:\/\/www.ifbaiano.edu.br\/unidades\/lapa\/2021\/11\/16\/chamada-publica-01-2021-pnae\/","title":{"rendered":"Chamada P\u00fablica 01\/2021 &#8211; PNAE"},"content":{"rendered":"\n<figure class=\"wp-block-image size-full\"><img decoding=\"async\" loading=\"lazy\" width=\"600\" height=\"512\" src=\"https:\/\/www.ifbaiano.edu.br\/unidades\/lapa\/files\/2021\/11\/agricultura-familiar.jpg\" alt=\"\" class=\"wp-image-21569\" \/><\/figure>\n\n\n\n<p align=\"justify\">O Instituto Federal Baiano \u2013 <em>Campus B<\/em>om Jesus da Lapa torna p\u00fablico, para conhecimento dos interessados, que realizar\u00e1 a Chamada P\u00fablica n\u00ba 01\/2021. Objeto: Aquisi\u00e7\u00e3o de g\u00eaneros aliment\u00edcios da agricultura familiar para atendimento ao Programa Nacional de Alimenta\u00e7\u00e3o Escolar \u2013 PNAE, conforme as pe\u00e7as t\u00e9cnicas constantes no Instrumento Convocat\u00f3rio e seus anexos, partes integrantes desta Chamada P\u00fablica. O Edital encontra-se dispon\u00edvel na sede do Campus e no s\u00edtio&nbsp; <a href=\"http:\/\/www.ifbaiano.edu.br\/unidades\/lapa\/\">http:\/\/www.ifbaiano.edu.br\/unidades\/lapa\/<\/a>. Sess\u00e3o de abertura:<strong> 06\/12\/2021, \u00e0s 08h, <\/strong>Hor\u00e1rio Local, <strong>na sede do Instituto Federal Baiano \u2013 <em>Campus<\/em> Bom Jesus da Lapa<\/strong>, localizado na BR 349, Km 14, Rodovia Bom Jesus da Lapa X Santa Maria da Vit\u00f3ria \u2013 Bahia.<\/p>\n<p align=\"justify\"><strong>Destaca-se que:<\/strong><\/p>\n<ul style=\"text-align:justify\">\n<li>Poder\u00e3o participar da SESS\u00c3O P\u00daBLICA, apenas dois representantes de cada grupo participante (formal\/informal), e todos estes OBRIGATORIAMENTE usando m\u00e1scaras;<\/li>\n<li>Ser\u00e1 realizada a devida higieniza\u00e7\u00e3o de todos os participantes, inclusive dos envelopes e suas respectivas documenta\u00e7\u00f5es no momento do credenciamento;<\/li>\n<li>Todos os membros da Comiss\u00e3o de Compras Agricultura Familiar, designados em Portaria espec\u00edfica, dever\u00e3o usar m\u00e1scaras e luvas para o manuseio da documenta\u00e7\u00e3o apresentada;<\/li>\n<li>Ser\u00e1 realizada a higieniza\u00e7\u00e3o de cadeiras e mesas, antes e depois da sess\u00e3o p\u00fablica;<\/li>\n<li>Estar\u00e1 dispon\u00edvel materiais de higieniza\u00e7\u00e3o de amplo acesso a todos; <\/li>\n<li> sess\u00e3o p\u00fablica ser\u00e1 realizada em local aberto e de grande ventila\u00e7\u00e3o.<\/li>\n<\/ul>\n<p align=\"justify\">Segue em anexo Editais e Formul\u00e1rios.<\/p>\n<p align=\"justify\"><a href=\"https:\/\/www.ifbaiano.edu.br\/unidades\/lapa\/files\/2021\/11\/Edital-Dispensa-Licitacao-10-2021-PNAE.pdf\" target=\"_blank\" rel=\"noopener\">Edital de Dispensa de Licita\u00e7\u00e3o 10\/2021 (documento pdf, abre em nova aba)<\/p>\n<p align=\"justify\"><a href=\"https:\/\/www.ifbaiano.edu.br\/unidades\/lapa\/files\/2021\/11\/ANEXO-I-PROJETO-BASICO-PNAE.pdf\" target=\"_blank\" rel=\"noopener\">Anexo I &#8211; Projeto B\u00e1sico PNAE (documento pdf, abre em nova aba)<\/p>\n<p align=\"justify\"><a href=\"https:\/\/www.ifbaiano.edu.br\/unidades\/lapa\/files\/2021\/11\/ANEXO-II-MODELOS-PROJETO-VENDA.pdf\" target=\"_blank\" rel=\"noopener\">Anexo II &#8211; Modelo de Projeto de Vendas (documento pdf, abre em nova aba)<\/p>\n<p align=\"justify\"><a href=\"https:\/\/www.ifbaiano.edu.br\/unidades\/lapa\/files\/2021\/11\/ANEXO-III-MODELO-DECLARACAO-ORIGEM-PRODUTOS.pdf\" target=\"_blank\" rel=\"noopener\">Anexo III &#8211; Modelo de Declara\u00e7\u00e3o de Origem dos Produtos (documento pdf, abre em nova aba)<\/p>\n<p align=\"justify\"><a href=\"https:\/\/www.ifbaiano.edu.br\/unidades\/lapa\/files\/2021\/11\/ANEXO-IV-TERMO-RECEBIMENTO.pdf\" target=\"_blank\" rel=\"noopener\">Anexo IV &#8211; Termo de Recebimento (documento pdf, abre em nova aba)<\/p>\n<p align=\"justify\"><a href=\"https:\/\/www.ifbaiano.edu.br\/unidades\/lapa\/files\/2021\/11\/ANEXO-V-MODELO-DECLARACAO-CONTROLE-LIMITE-INDIVIDUAL-VENDAS.pdf\" target=\"_blank\" rel=\"noopener\">Anexo V &#8211; Modelo de Declara\u00e7\u00e3o de Controle do Limite Individual de Vendas (documento pdf, abre em nova aba)<\/p>\n<p align=\"justify\"><a href=\"https:\/\/www.ifbaiano.edu.br\/unidades\/lapa\/files\/2021\/11\/ANEXO-VI-MINUTA-CONTRATUAL.pdf\" target=\"_blank\" rel=\"noopener\">Anexo VI &#8211; Minuta Contratual (documento pdf, abre em nova aba)<\/p>\n\n\n\n<p><\/p>\n","protected":false},"excerpt":{"rendered":"<p>O Instituto Federal Baiano \u2013 Campus Bom Jesus da Lapa torna p\u00fablico, para conhecimento dos interessados, que realizar\u00e1 a Chamada P\u00fablica n\u00ba 01\/2021. Objeto: Aquisi\u00e7\u00e3o de g\u00eaneros aliment\u00edcios da agricultura familiar para atendimento ao Programa Nacional de Alimenta\u00e7\u00e3o Escolar \u2013 PNAE, conforme as pe\u00e7as t\u00e9cnicas constantes no Instrumento Convocat\u00f3rio e seus anexos, partes integrantes desta [&hellip;]<\/p>\n","protected":false},"author":100,"featured_media":21569,"comment_status":"open","ping_status":"open","sticky":false,"template":"","format":"standard","meta":[],"categories":[64,26,24,65],"tags":[],"_links":{"self":[{"href":"https:\/\/www.ifbaiano.edu.br\/unidades\/lapa\/wp-json\/wp\/v2\/posts\/21568"}],"collection":[{"href":"https:\/\/www.ifbaiano.edu.br\/unidades\/lapa\/wp-json\/wp\/v2\/posts"}],"about":[{"href":"https:\/\/www.ifbaiano.edu.br\/unidades\/lapa\/wp-json\/wp\/v2\/types\/post"}],"author":[{"embeddable":true,"href":"https:\/\/www.ifbaiano.edu.br\/unidades\/lapa\/wp-json\/wp\/v2\/users\/100"}],"replies":[{"embeddable":true,"href":"https:\/\/www.ifbaiano.edu.br\/unidades\/lapa\/wp-json\/wp\/v2\/comments?post=21568"}],"version-history":[{"count":11,"href":"https:\/\/www.ifbaiano.edu.br\/unidades\/lapa\/wp-json\/wp\/v2\/posts\/21568\/revisions"}],"predecessor-version":[{"id":21598,"href":"https:\/\/www.ifbaiano.edu.br\/unidades\/lapa\/wp-json\/wp\/v2\/posts\/21568\/revisions\/21598"}],"wp:featuredmedia":[{"embeddable":true,"href":"https:\/\/www.ifbaiano.edu.br\/unidades\/lapa\/wp-json\/wp\/v2\/media\/21569"}],"wp:attachment":[{"href":"https:\/\/www.ifbaiano.edu.br\/unidades\/lapa\/wp-json\/wp\/v2\/media?parent=21568"}],"wp:term":[{"taxonomy":"category","embeddable":true,"href":"https:\/\/www.ifbaiano.edu.br\/unidades\/lapa\/wp-json\/wp\/v2\/categories?post=21568"},{"taxonomy":"post_tag","embeddable":true,"href":"https:\/\/www.ifbaiano.edu.br\/unidades\/lapa\/wp-json\/wp\/v2\/tags?post=21568"}],"curies":[{"name":"wp","href":"https:\/\/api.w.org\/{rel}","templated":true}]}}