{"id":2159,"date":"2014-03-22T19:09:19","date_gmt":"2014-03-22T21:09:19","guid":{"rendered":"http:\/\/www.ifbaiano.edu.br\/unidades\/lapa\/?p=2159"},"modified":"2014-03-22T19:09:19","modified_gmt":"2014-03-22T21:09:19","slug":"premio-jose-reis-de-divulgacao-cientifica-e-tecnologica","status":"publish","type":"post","link":"https:\/\/www.ifbaiano.edu.br\/unidades\/lapa\/2014\/03\/22\/premio-jose-reis-de-divulgacao-cientifica-e-tecnologica\/","title":{"rendered":"Pr\u00eamio Jos\u00e9 Reis de Divulga\u00e7\u00e3o Cient\u00edfica e Tecnol\u00f3gica"},"content":{"rendered":"<p>Inscri\u00e7\u00f5es v\u00e3o at\u00e9\u00a0<strong>at\u00e9 23 de maio de 2014.<\/strong><\/p>\n<p><img decoding=\"async\" src=\"http:\/\/www.ifbaiano.edu.br\/unidades\/lapa\/wp-includes\/js\/tinymce\/plugins\/wordpress\/img\/trans.gif\" alt=\"\" \/><!--more--><\/p>\n<p>O\u00a0<strong>Pr\u00eamio Jos\u00e9 Reis de Divulga\u00e7\u00e3o Cient\u00edfica e Tecnol\u00f3gica\u00a0<\/strong>\u00e9 concedido anualmente \u00e0queles que, por suas atividades, tenham contribu\u00eddo, significativamente, para a forma\u00e7\u00e3o de uma cultura cient\u00edfica e por tornar a Ci\u00eancia, a Tecnologia e a Inova\u00e7\u00e3o, conhecidas da sociedade.<\/p>\n<p><a href=\"http:\/\/www.premiojosereis.cnpq.br\/\">Acesse o regulamento e fa\u00e7a sua inscri\u00e7\u00e3o aqui.<\/a><\/p>\n<p>&nbsp;<\/p>\n<p>Fonte: Site do Pr\u00eamio<\/p>\n","protected":false},"excerpt":{"rendered":"<p>Inscri\u00e7\u00f5es v\u00e3o at\u00e9\u00a0at\u00e9 23 de maio de 2014.<\/p>\n","protected":false},"author":36,"featured_media":0,"comment_status":"open","ping_status":"open","sticky":false,"template":"","format":"standard","meta":[],"categories":[40],"tags":[],"_links":{"self":[{"href":"https:\/\/www.ifbaiano.edu.br\/unidades\/lapa\/wp-json\/wp\/v2\/posts\/2159"}],"collection":[{"href":"https:\/\/www.ifbaiano.edu.br\/unidades\/lapa\/wp-json\/wp\/v2\/posts"}],"about":[{"href":"https:\/\/www.ifbaiano.edu.br\/unidades\/lapa\/wp-json\/wp\/v2\/types\/post"}],"author":[{"embeddable":true,"href":"https:\/\/www.ifbaiano.edu.br\/unidades\/lapa\/wp-json\/wp\/v2\/users\/36"}],"replies":[{"embeddable":true,"href":"https:\/\/www.ifbaiano.edu.br\/unidades\/lapa\/wp-json\/wp\/v2\/comments?post=2159"}],"version-history":[{"count":1,"href":"https:\/\/www.ifbaiano.edu.br\/unidades\/lapa\/wp-json\/wp\/v2\/posts\/2159\/revisions"}],"predecessor-version":[{"id":2160,"href":"https:\/\/www.ifbaiano.edu.br\/unidades\/lapa\/wp-json\/wp\/v2\/posts\/2159\/revisions\/2160"}],"wp:attachment":[{"href":"https:\/\/www.ifbaiano.edu.br\/unidades\/lapa\/wp-json\/wp\/v2\/media?parent=2159"}],"wp:term":[{"taxonomy":"category","embeddable":true,"href":"https:\/\/www.ifbaiano.edu.br\/unidades\/lapa\/wp-json\/wp\/v2\/categories?post=2159"},{"taxonomy":"post_tag","embeddable":true,"href":"https:\/\/www.ifbaiano.edu.br\/unidades\/lapa\/wp-json\/wp\/v2\/tags?post=2159"}],"curies":[{"name":"wp","href":"https:\/\/api.w.org\/{rel}","templated":true}]}}