{"id":21630,"date":"2021-11-17T17:11:37","date_gmt":"2021-11-17T20:11:37","guid":{"rendered":"https:\/\/www.ifbaiano.edu.br\/unidades\/lapa\/?p=21630"},"modified":"2021-11-17T17:11:37","modified_gmt":"2021-11-17T20:11:37","slug":"eleicao-cpa-2021-2023","status":"publish","type":"post","link":"https:\/\/www.ifbaiano.edu.br\/unidades\/lapa\/2021\/11\/17\/eleicao-cpa-2021-2023\/","title":{"rendered":"Elei\u00e7\u00e3o CPA 2021-2023"},"content":{"rendered":"\n<p align=\"justify\">O Instituto Federal Baiano tornou p\u00fablico o&nbsp;<strong>Edital n\u00ba 157, de&nbsp;11 de novembro&nbsp;de&nbsp;2021<\/strong>,&nbsp;referente ao&nbsp;<strong>processo de escolha de representantes<\/strong>&nbsp;Docentes, T\u00e9cnicos-Administrativos em Educa\u00e7\u00e3o, Discentes N\u00edvel Superior e Discentes N\u00edvel M\u00e9dio para composi\u00e7\u00e3o da&nbsp;<strong>Comiss\u00e3o Pr\u00f3pria de Avalia\u00e7\u00e3o (CPA)<\/strong>&nbsp;dos campi do IF Baiano,&nbsp;bi\u00eanio 2021-2023.<br>O processo eleitoral ocorrer\u00e1 para a escolha de:<\/p>\n\n\n\n<ul style=\"text-align:justify\"><li>&nbsp;01 (um) Representante Docente, titular e seu(sua) suplente;<\/li><li>&nbsp;01 (um) Representante T\u00e9cnico Administrativo em Educa\u00e7\u00e3o (TAE) titular e seu(sua) suplente;<\/li><li>&nbsp;01 (um) Representante Discente da Educa\u00e7\u00e3o Superior titular e seu(sua) suplente;<\/li><li>&nbsp;01 (um) Representante Discente da Educa\u00e7\u00e3o Profissional e T\u00e9cnica de N\u00edvel M\u00e9dio titular e seu(sua) suplente.&nbsp;<\/li><\/ul>\n\n\n\n<p align=\"justify\"><strong>Per\u00edodo de inscri\u00e7\u00e3o:<\/strong>&nbsp;16 a&nbsp;19 de novembro&nbsp;de 2021 (Confira o item 4 do Edital).<br><strong>Vota\u00e7\u00e3o:<\/strong>&nbsp;03\/12\/2021<\/p>\n\n\n\n<p align=\"justify\">Para maiores informa\u00e7\u00f5es, consulte o edital em: &lt;<a target=\"_blank\" href=\"https:\/\/concurso.ifbaiano.edu.br\/portal\/eleicao-cpa-2021-2023\/\" rel=\"noreferrer noopener\">https:\/\/concurso.ifbaiano.edu.br\/portal\/eleicao-cpa-2021-2023\/<\/a>&gt;.<\/p>\n","protected":false},"excerpt":{"rendered":"<p>O Instituto Federal Baiano tornou p\u00fablico o&nbsp;Edital n\u00ba 157, de&nbsp;11 de novembro&nbsp;de&nbsp;2021,&nbsp;referente ao&nbsp;processo de escolha de representantes&nbsp;Docentes, T\u00e9cnicos-Administrativos em Educa\u00e7\u00e3o, Discentes N\u00edvel Superior e Discentes N\u00edvel M\u00e9dio para composi\u00e7\u00e3o da&nbsp;Comiss\u00e3o Pr\u00f3pria de Avalia\u00e7\u00e3o (CPA)&nbsp;dos campi do IF Baiano,&nbsp;bi\u00eanio 2021-2023.O processo eleitoral ocorrer\u00e1 para a escolha de: &nbsp;01 (um) Representante Docente, titular e seu(sua) suplente; &nbsp;01 [&hellip;]<\/p>\n","protected":false},"author":100,"featured_media":21633,"comment_status":"open","ping_status":"open","sticky":false,"template":"","format":"standard","meta":[],"categories":[64,24,65],"tags":[],"_links":{"self":[{"href":"https:\/\/www.ifbaiano.edu.br\/unidades\/lapa\/wp-json\/wp\/v2\/posts\/21630"}],"collection":[{"href":"https:\/\/www.ifbaiano.edu.br\/unidades\/lapa\/wp-json\/wp\/v2\/posts"}],"about":[{"href":"https:\/\/www.ifbaiano.edu.br\/unidades\/lapa\/wp-json\/wp\/v2\/types\/post"}],"author":[{"embeddable":true,"href":"https:\/\/www.ifbaiano.edu.br\/unidades\/lapa\/wp-json\/wp\/v2\/users\/100"}],"replies":[{"embeddable":true,"href":"https:\/\/www.ifbaiano.edu.br\/unidades\/lapa\/wp-json\/wp\/v2\/comments?post=21630"}],"version-history":[{"count":3,"href":"https:\/\/www.ifbaiano.edu.br\/unidades\/lapa\/wp-json\/wp\/v2\/posts\/21630\/revisions"}],"predecessor-version":[{"id":21634,"href":"https:\/\/www.ifbaiano.edu.br\/unidades\/lapa\/wp-json\/wp\/v2\/posts\/21630\/revisions\/21634"}],"wp:featuredmedia":[{"embeddable":true,"href":"https:\/\/www.ifbaiano.edu.br\/unidades\/lapa\/wp-json\/wp\/v2\/media\/21633"}],"wp:attachment":[{"href":"https:\/\/www.ifbaiano.edu.br\/unidades\/lapa\/wp-json\/wp\/v2\/media?parent=21630"}],"wp:term":[{"taxonomy":"category","embeddable":true,"href":"https:\/\/www.ifbaiano.edu.br\/unidades\/lapa\/wp-json\/wp\/v2\/categories?post=21630"},{"taxonomy":"post_tag","embeddable":true,"href":"https:\/\/www.ifbaiano.edu.br\/unidades\/lapa\/wp-json\/wp\/v2\/tags?post=21630"}],"curies":[{"name":"wp","href":"https:\/\/api.w.org\/{rel}","templated":true}]}}