{"id":21664,"date":"2021-11-23T09:03:07","date_gmt":"2021-11-23T12:03:07","guid":{"rendered":"https:\/\/www.ifbaiano.edu.br\/unidades\/lapa\/?p=21664"},"modified":"2021-12-29T10:24:15","modified_gmt":"2021-12-29T13:24:15","slug":"ii-simposio-de-ensino-pesquisa-e-extensao","status":"publish","type":"post","link":"https:\/\/www.ifbaiano.edu.br\/unidades\/lapa\/2021\/11\/23\/ii-simposio-de-ensino-pesquisa-e-extensao\/","title":{"rendered":"II Simp\u00f3sio de Ensino, Pesquisa e Extens\u00e3o"},"content":{"rendered":"<p align=\"justify\">O II Simp\u00f3sio de Ensino, Pesquisa e Extens\u00e3o do IF Baiano <em>Campus<\/em> Bom Jesus da Lapa (SIEPEX) \u00e9 um evento t\u00e9cnico-cient\u00edfico, que busca proporcionar aos estudantes, professores, pesquisadores, profissionais liberais e o p\u00fablico em geral, uma discuss\u00e3o atualizada sobre as perspectivas e desafios da educa\u00e7\u00e3o, ci\u00eancia e da extens\u00e3o no contexto da sociedade do conhecimento. O Siepex almeja, ainda, cumprir sua miss\u00e3o de promover junto ao seu p\u00fablico um intenso debate e reflex\u00e3o sobre a Ci\u00eancia e a Tecnologia, com o objetivo de estimular a curiosidade e motivar a comunidade a discutir as implica\u00e7\u00f5es sociais da Ci\u00eancia, al\u00e9m de aprofundarem seus conhecimentos sobre o tema. O evento possibilitar\u00e1 tamb\u00e9m a socializa\u00e7\u00e3o de produ\u00e7\u00f5es cientificas da comunidade acad\u00eamica interna e externa do IF Baiano, de modo a fortalecer a sua inter-rela\u00e7\u00e3o e promover a indissociabilidade entre o ensino, a pesquisa e a extens\u00e3o.<\/p>\n<p align=\"justify\">Per\u00edodo de inscri\u00e7\u00f5es para participantes: 15 de outubro a 01 de dezembro de 2021.<\/p>\n<p align=\"justify\"><a href=\"https:\/\/suap.ifbaiano.edu.br\/eventos\/inscricao_publica\/249\/\" target=\"_blank\" rel=\"noopener\">Link de inscri\u00e7\u00f5es de participantes (site externo, abre em nova aba)<\/a><\/p>\n<p align=\"justify\"><a href=\"https:\/\/forms.gle\/Gi9BdDjxjhnzyYNt6\" target=\"_blank\" rel=\"noopener\">Link de inscri\u00e7\u00f5es em minicursos (site externo, abre em nova aba)<\/a><\/p>\n<p align=\"justify\"><a href=\"https:\/\/eventos.lapa.ifbaiano.edu.br\/siepex2021\/\" target=\"_blank\" rel=\"noopener\">Link de acesso ao site principal do evento (site externo, abre em nova aba)<\/a><\/p>\n","protected":false},"excerpt":{"rendered":"<p>O II Simp\u00f3sio de Ensino, Pesquisa e Extens\u00e3o do IF Baiano Campus Bom Jesus da Lapa (SIEPEX) \u00e9 um evento t\u00e9cnico-cient\u00edfico, que busca proporcionar aos estudantes, professores, pesquisadores, profissionais liberais e o p\u00fablico em geral, uma discuss\u00e3o atualizada sobre as perspectivas e desafios da educa\u00e7\u00e3o, ci\u00eancia e da extens\u00e3o no contexto da sociedade do conhecimento. [&hellip;]<\/p>\n","protected":false},"author":100,"featured_media":21496,"comment_status":"open","ping_status":"open","sticky":false,"template":"","format":"standard","meta":[],"categories":[41,64,24,40,65],"tags":[],"_links":{"self":[{"href":"https:\/\/www.ifbaiano.edu.br\/unidades\/lapa\/wp-json\/wp\/v2\/posts\/21664"}],"collection":[{"href":"https:\/\/www.ifbaiano.edu.br\/unidades\/lapa\/wp-json\/wp\/v2\/posts"}],"about":[{"href":"https:\/\/www.ifbaiano.edu.br\/unidades\/lapa\/wp-json\/wp\/v2\/types\/post"}],"author":[{"embeddable":true,"href":"https:\/\/www.ifbaiano.edu.br\/unidades\/lapa\/wp-json\/wp\/v2\/users\/100"}],"replies":[{"embeddable":true,"href":"https:\/\/www.ifbaiano.edu.br\/unidades\/lapa\/wp-json\/wp\/v2\/comments?post=21664"}],"version-history":[{"count":8,"href":"https:\/\/www.ifbaiano.edu.br\/unidades\/lapa\/wp-json\/wp\/v2\/posts\/21664\/revisions"}],"predecessor-version":[{"id":21801,"href":"https:\/\/www.ifbaiano.edu.br\/unidades\/lapa\/wp-json\/wp\/v2\/posts\/21664\/revisions\/21801"}],"wp:featuredmedia":[{"embeddable":true,"href":"https:\/\/www.ifbaiano.edu.br\/unidades\/lapa\/wp-json\/wp\/v2\/media\/21496"}],"wp:attachment":[{"href":"https:\/\/www.ifbaiano.edu.br\/unidades\/lapa\/wp-json\/wp\/v2\/media?parent=21664"}],"wp:term":[{"taxonomy":"category","embeddable":true,"href":"https:\/\/www.ifbaiano.edu.br\/unidades\/lapa\/wp-json\/wp\/v2\/categories?post=21664"},{"taxonomy":"post_tag","embeddable":true,"href":"https:\/\/www.ifbaiano.edu.br\/unidades\/lapa\/wp-json\/wp\/v2\/tags?post=21664"}],"curies":[{"name":"wp","href":"https:\/\/api.w.org\/{rel}","templated":true}]}}